{"id":26994,"date":"2020-10-28T10:29:07","date_gmt":"2020-10-28T10:29:07","guid":{"rendered":"http:\/\/profinrg.nl\/?p=26994"},"modified":"2023-10-26T15:31:25","modified_gmt":"2023-10-26T15:31:25","slug":"konstruktion-fur-solaranlage-auf-gewachshaus","status":"publish","type":"post","link":"https:\/\/profinrg.nl\/de\/constructie-voor-zon-op-kas\/","title":{"rendered":"Konstruktion f\u00fcr Sonne auf Gew\u00e4chshaus"},"content":{"rendered":"<div data-elementor-type=\"wp-post\" data-elementor-id=\"26994\" class=\"elementor elementor-26994\" data-elementor-post-type=\"post\">\n\t\t\t\t\t\t<section class=\"elementor-section elementor-top-section elementor-element elementor-element-2cf84b18 elementor-section-boxed elementor-section-height-default elementor-section-height-default\" data-id=\"2cf84b18\" data-element_type=\"section\" data-e-type=\"section\">\n\t\t\t\t\t\t<div class=\"elementor-container elementor-column-gap-default\">\n\t\t\t\t\t<div class=\"elementor-column elementor-col-100 elementor-top-column elementor-element elementor-element-715f7201\" data-id=\"715f7201\" data-element_type=\"column\" data-e-type=\"column\">\n\t\t\t<div class=\"elementor-widget-wrap elementor-element-populated\">\n\t\t\t\t\t\t<div class=\"elementor-element elementor-element-59a5aeab elementor-widget elementor-widget-heading\" data-id=\"59a5aeab\" data-element_type=\"widget\" data-e-type=\"widget\" data-widget_type=\"heading.default\">\n\t\t\t\t<div class=\"elementor-widget-container\">\n\t\t\t\t\t<h2 class=\"elementor-heading-title elementor-size-default\">Konstruktion f\u00fcr Sonne auf Gew\u00e4chshaus<\/h2>\t\t\t\t<\/div>\n\t\t\t\t<\/div>\n\t\t\t\t<div class=\"elementor-element elementor-element-161a5d10 elementor-widget elementor-widget-spacer\" data-id=\"161a5d10\" data-element_type=\"widget\" data-e-type=\"widget\" data-widget_type=\"spacer.default\">\n\t\t\t\t<div class=\"elementor-widget-container\">\n\t\t\t\t\t\t\t<div class=\"elementor-spacer\">\n\t\t\t<div class=\"elementor-spacer-inner\"><\/div>\n\t\t<\/div>\n\t\t\t\t\t\t<\/div>\n\t\t\t\t<\/div>\n\t\t\t\t<div class=\"elementor-element elementor-element-45961314 elementor-widget elementor-widget-text-editor\" data-id=\"45961314\" data-element_type=\"widget\" data-e-type=\"widget\" data-widget_type=\"text-editor.default\">\n\t\t\t\t<div class=\"elementor-widget-container\">\n\t\t\t\t\t\t\t\t\t<p><strong>Auf den D\u00e4chern eines Gew\u00e4chshauses in Luttelgeest werden demn\u00e4chst 20.000 Solarmodule mit einer Gesamtleistung von 8,2 MWp installiert.\u00a0<\/strong><strong>Der Kunde Zonnewijzer B.V. hat das Projekt entwickelt und sich f\u00fcr ProfiNRG entschieden, weil es ein innovatives Montagesystem gibt, mit dem normale Solarmodule auf dem 4 Hektar gro\u00dfen Gew\u00e4chshauskomplex montiert werden k\u00f6nnen.<\/strong><\/p><p>\"2017 habe ich gesehen, dass Solarwiesen \u00fcberall wie Pilze aus dem Boden schie\u00dfen\", erz\u00e4hlt Cor Poppe von Zonnewijzer B.V. \u00fcber die Gr\u00fcndungsphase. \"Also habe ich auch dar\u00fcber nachgedacht, was ich in der Energiewende tun k\u00f6nnte, und so bin ich nach und nach in diese Welt eingestiegen.\" Poppe gab sogar seinen vielbesch\u00e4ftigten Job auf und wagte den Sprung in die Welt der erneuerbaren Energien. Auf der Suche nach einem eigenen Projekt stellte er bald fest, dass es in der Gemeinde Luttelgeest nicht mit einer Solarwiese klappen w\u00fcrde. \"Genehmigungen f\u00fcr Freilandanlagen wurden von der Gemeinde damals nicht erteilt\", erinnert er sich. \"Ich wusste also, dass es auf einem Dach sein musste und machte mich auf die Suche. So bin ich auf einen Gartenbaubetrieb in Luttelgeest gesto\u00dfen. Hier sah ich M\u00f6glichkeiten mit dem bestehenden Gew\u00e4chshauskomplex und kaufte ihn schlie\u00dflich.\"<\/p>\t\t\t\t\t\t\t\t<\/div>\n\t\t\t\t<\/div>\n\t\t\t\t<div class=\"elementor-element elementor-element-a60fb89 elementor-widget elementor-widget-heading\" data-id=\"a60fb89\" data-element_type=\"widget\" data-e-type=\"widget\" data-widget_type=\"heading.default\">\n\t\t\t\t<div class=\"elementor-widget-container\">\n\t\t\t\t\t<h2 class=\"elementor-heading-title elementor-size-default\">Intelligente L\u00f6sung<\/h2>\t\t\t\t<\/div>\n\t\t\t\t<\/div>\n\t\t\t\t<div class=\"elementor-element elementor-element-519fe00 elementor-widget elementor-widget-text-editor\" data-id=\"519fe00\" data-element_type=\"widget\" data-e-type=\"widget\" data-widget_type=\"text-editor.default\">\n\t\t\t\t<div class=\"elementor-widget-container\">\n\t\t\t\t\t\t\t\t\t<p>Um das Projekt weiterzuentwickeln, beauftragte Zonnewijzer B.V. die Stiftung Energie Expertisecentrum Flevoland (EEF). Die Stiftung, die gegr\u00fcndet wurde, um die Energiewende in Flevoland zu beschleunigen, bot nicht nur Beratung, sondern stellte auch finanzielle Mittel zur Verf\u00fcgung. \"Ein Gew\u00e4chshaus hat eine Konstruktion, die im Grunde genommen nat\u00fcrlich nicht f\u00fcr die Installation von PV-Anlagen gedacht ist\", sagt EEF-Berater Willem Enklaar. \"Man muss sich also eine intelligente L\u00f6sung daf\u00fcr einfallen lassen. ProfiNRG hat einen guten Vorschlag gemacht, nachdem wir eine Ausschreibung auf dem Markt an mehrere Parteien gerichtet hatten. Am Ende wurde das Unternehmen beauftragt, das Projekt mit Zonnewijzer B.V. weiterzuentwickeln.<\/p>\t\t\t\t\t\t\t\t<\/div>\n\t\t\t\t<\/div>\n\t\t\t\t<div class=\"elementor-element elementor-element-9548628 elementor-widget elementor-widget-heading\" data-id=\"9548628\" data-element_type=\"widget\" data-e-type=\"widget\" data-widget_type=\"heading.default\">\n\t\t\t\t<div class=\"elementor-widget-container\">\n\t\t\t\t\t<h2 class=\"elementor-heading-title elementor-size-default\">Bestehende Strukturen<\/h2>\t\t\t\t<\/div>\n\t\t\t\t<\/div>\n\t\t\t\t<div class=\"elementor-element elementor-element-2ad0b13 elementor-widget elementor-widget-text-editor\" data-id=\"2ad0b13\" data-element_type=\"widget\" data-e-type=\"widget\" data-widget_type=\"text-editor.default\">\n\t\t\t\t<div class=\"elementor-widget-container\">\n\t\t\t\t\t\t\t\t\t<p>So kamen ProfiNRG und Zonnewijzer B.V. zusammen, um ein innovatives System f\u00fcr Solaranlagen auf Gew\u00e4chsh\u00e4usern zu entwickeln. \"Das Tolle an diesem Prozess ist, dass Cor Poppe selbst viele gute Ideen hatte\", sagt ProfiNRG-Direktor Cees van de Werken. \"Seine L\u00f6sungen f\u00fcgten sich nahtlos in unsere Vorschl\u00e4ge ein, die sich von bestehenden Montagesystemen f\u00fcr Solarpaneele auf Gew\u00e4chsh\u00e4usern unterscheiden.\"<br \/>Eine solche Befestigungsmethode besteht darin, die Paneele \u00fcber die bestehende Verglasung zu montieren, so dass praktisch zwei Strukturen \u00fcbereinander gebaut werden. \"Dies ist alles andere als ideal und relativ teuer, da die Unterkonstruktion oft nicht f\u00fcr das zus\u00e4tzliche Gewicht der Paneele ausgelegt ist\", so Van de Werken. \"Eine andere g\u00e4ngige Praxis besteht darin, das vorhandene Glas zu ersetzen. Die neuen rahmenlosen Solarmodule werden dann zwischen den Profilen des Gew\u00e4chshauses montiert. Der gro\u00dfe Nachteil dieses Ansatzes ist, dass man oft Probleme mit der Gr\u00f6\u00dfe bekommt. Also haben wir nach neuen Wegen gesucht.\"<\/p>\t\t\t\t\t\t\t\t<\/div>\n\t\t\t\t<\/div>\n\t\t\t\t<div class=\"elementor-element elementor-element-0937804 elementor-widget elementor-widget-heading\" data-id=\"0937804\" data-element_type=\"widget\" data-e-type=\"widget\" data-widget_type=\"heading.default\">\n\t\t\t\t<div class=\"elementor-widget-container\">\n\t\t\t\t\t<h2 class=\"elementor-heading-title elementor-size-default\">Solidit\u00e4t<\/h2>\t\t\t\t<\/div>\n\t\t\t\t<\/div>\n\t\t\t\t<div class=\"elementor-element elementor-element-045a8a2 elementor-widget elementor-widget-text-editor\" data-id=\"045a8a2\" data-element_type=\"widget\" data-e-type=\"widget\" data-widget_type=\"text-editor.default\">\n\t\t\t\t<div class=\"elementor-widget-container\">\n\t\t\t\t\t\t\t\t\t<p>Neu an dem Projekt in Luttelgeest ist die Konstruktion, die bald vollst\u00e4ndig aus normalen Solarpaneelen auf den bestehenden Stangen bestehen wird. Van de Werken: \"Das hat den Vorteil, dass wir so viel wie m\u00f6glich von der bestehenden Konstruktion wiederverwenden. Wir entfernen das Glas und versehen die Stangen mit einem Profilsystem, in das die Paneele eingeschoben werden k\u00f6nnen. Dies gew\u00e4hrleistet eine solide Konstruktion. Wenn man mit rahmenlosen Paneelen arbeitet, ist das oft sehr anf\u00e4llig.\" Die Stabilit\u00e4t ist nicht der einzige Faktor, auch die Baukosten sind bei diesem neuen Konstruktionssystem sehr g\u00fcnstig. Van der Werken: \"Grob gesagt kann man sagen, dass die Preise mit den Kosten normaler PV-Freifl\u00e4chenanlagen \u00e4hnlicher Gr\u00f6\u00dfe vergleichbar sind. Wir erwarten daher, dass dieses Projekt das Interesse neuer Interessenten wecken wird.\"<\/p>\t\t\t\t\t\t\t\t<\/div>\n\t\t\t\t<\/div>\n\t\t\t\t<div class=\"elementor-element elementor-element-2804177 elementor-widget elementor-widget-heading\" data-id=\"2804177\" data-element_type=\"widget\" data-e-type=\"widget\" data-widget_type=\"heading.default\">\n\t\t\t\t<div class=\"elementor-widget-container\">\n\t\t\t\t\t<h2 class=\"elementor-heading-title elementor-size-default\">Zweites Leben<\/h2>\t\t\t\t<\/div>\n\t\t\t\t<\/div>\n\t\t\t\t<div class=\"elementor-element elementor-element-1443f9c elementor-widget elementor-widget-text-editor\" data-id=\"1443f9c\" data-element_type=\"widget\" data-e-type=\"widget\" data-widget_type=\"text-editor.default\">\n\t\t\t\t<div class=\"elementor-widget-container\">\n\t\t\t\t\t\t\t\t\t<p>Fast alle Lichter stehen auf Gr\u00fcn, und f\u00fcr Cor Poppe von Zonnewijzer bv kann der Bau in Luttelgeest gar nicht fr\u00fch genug beginnen. \"Das Gew\u00e4chshaus, das sonst dem Erdboden gleichgemacht worden w\u00e4re, bekommt jetzt ein zweites Leben. Das ist eine gute Sache, denn so kann mindestens 25 Jahre lang nachhaltige Energie erzeugt werden\", so Poppe.<br \/>Nach seiner Fertigstellung wird das Projekt f\u00fcr die Stromversorgung von 2 200 Haushalten ausreichen. Auch die Treibhausfunktion des Gew\u00e4chshauses wird teilweise erhalten bleiben. Poppe: \"Wenn die Anlage im Jahr 2021 in Betrieb ist, werden wir genau wissen, welches Klima im Inneren entsteht und welche Pflanzen dort gedeihen k\u00f6nnen. Das wei\u00df noch niemand, denn wir haben es mit einer einzigartigen Situation zu tun: ein anderer Bodentyp, eine andere Konstruktion, anderes Licht und eine andere Temperatur. Aber das ist Teil der Pionierarbeit und hat auch seinen Reiz.<\/p>\t\t\t\t\t\t\t\t<\/div>\n\t\t\t\t<\/div>\n\t\t\t\t\t<\/div>\n\t\t<\/div>\n\t\t\t\t\t<\/div>\n\t\t<\/section>\n\t\t\t\t<section class=\"elementor-section elementor-top-section elementor-element elementor-element-2505f9cc elementor-section-boxed elementor-section-height-default elementor-section-height-default\" data-id=\"2505f9cc\" data-element_type=\"section\" data-e-type=\"section\">\n\t\t\t\t\t\t<div class=\"elementor-container elementor-column-gap-default\">\n\t\t\t\t\t<div class=\"elementor-column elementor-col-100 elementor-top-column elementor-element elementor-element-11a0d6e\" data-id=\"11a0d6e\" data-element_type=\"column\" data-e-type=\"column\">\n\t\t\t<div class=\"elementor-widget-wrap\">\n\t\t\t\t\t\t\t<\/div>\n\t\t<\/div>\n\t\t\t\t\t<\/div>\n\t\t<\/section>\n\t\t\t\t<\/div>","protected":false},"excerpt":{"rendered":"<p>Auf den D\u00e4chern eines Gartenbaugew\u00e4chshauses in Luttelgeest werden bald 20.000 Solarpaneele mit einer Gesamtleistung von 8,2 MWp zu sehen sein. Der Kunde Zonnewijzer B.V. hat das Projekt entwickelt und sich f\u00fcr ProfiNRG entschieden, weil es ein innovatives Montagesystem gibt, mit dem normale Solarmodule auf dem 4 Hektar gro\u00dfen Gew\u00e4chshauskomplex montiert werden k\u00f6nnen.<\/p>","protected":false},"author":9,"featured_media":26977,"comment_status":"open","ping_status":"open","sticky":false,"template":"","format":"standard","meta":{"footnotes":""},"categories":[18],"tags":[],"class_list":["post-26994","post","type-post","status-publish","format-standard","has-post-thumbnail","hentry","category-nieuws"],"_links":{"self":[{"href":"https:\/\/profinrg.nl\/de\/wp-json\/wp\/v2\/posts\/26994","targetHints":{"allow":["GET"]}}],"collection":[{"href":"https:\/\/profinrg.nl\/de\/wp-json\/wp\/v2\/posts"}],"about":[{"href":"https:\/\/profinrg.nl\/de\/wp-json\/wp\/v2\/types\/post"}],"author":[{"embeddable":true,"href":"https:\/\/profinrg.nl\/de\/wp-json\/wp\/v2\/users\/9"}],"replies":[{"embeddable":true,"href":"https:\/\/profinrg.nl\/de\/wp-json\/wp\/v2\/comments?post=26994"}],"version-history":[{"count":0,"href":"https:\/\/profinrg.nl\/de\/wp-json\/wp\/v2\/posts\/26994\/revisions"}],"wp:featuredmedia":[{"embeddable":true,"href":"https:\/\/profinrg.nl\/de\/wp-json\/wp\/v2\/media\/26977"}],"wp:attachment":[{"href":"https:\/\/profinrg.nl\/de\/wp-json\/wp\/v2\/media?parent=26994"}],"wp:term":[{"taxonomy":"category","embeddable":true,"href":"https:\/\/profinrg.nl\/de\/wp-json\/wp\/v2\/categories?post=26994"},{"taxonomy":"post_tag","embeddable":true,"href":"https:\/\/profinrg.nl\/de\/wp-json\/wp\/v2\/tags?post=26994"}],"curies":[{"name":"wp","href":"https:\/\/api.w.org\/{rel}","templated":true}]}}