{"id":27039,"date":"2021-06-09T11:40:09","date_gmt":"2021-06-09T11:40:09","guid":{"rendered":"http:\/\/profinrg.nl\/?p=27039"},"modified":"2023-10-26T15:24:16","modified_gmt":"2023-10-26T15:24:16","slug":"profinrg-hilft-bei-der-sde-2021-bewerbung-2","status":"publish","type":"post","link":"https:\/\/profinrg.nl\/de\/profinrg-helpt-met-sde-2021-aanvraag\/","title":{"rendered":"ProfiNRG hilft bei der Bewerbung sde ++ 2021"},"content":{"rendered":"<div data-elementor-type=\"wp-post\" data-elementor-id=\"27039\" class=\"elementor elementor-27039\" data-elementor-post-type=\"post\">\n\t\t\t\t\t\t<section class=\"elementor-section elementor-top-section elementor-element elementor-element-30fe3a1c elementor-section-boxed elementor-section-height-default elementor-section-height-default\" data-id=\"30fe3a1c\" data-element_type=\"section\" data-e-type=\"section\">\n\t\t\t\t\t\t<div class=\"elementor-container elementor-column-gap-default\">\n\t\t\t\t\t<div class=\"elementor-column elementor-col-100 elementor-top-column elementor-element elementor-element-7898ccb6\" data-id=\"7898ccb6\" data-element_type=\"column\" data-e-type=\"column\">\n\t\t\t<div class=\"elementor-widget-wrap elementor-element-populated\">\n\t\t\t\t\t\t<div class=\"elementor-element elementor-element-37ad2545 elementor-widget elementor-widget-heading\" data-id=\"37ad2545\" data-element_type=\"widget\" data-e-type=\"widget\" data-widget_type=\"heading.default\">\n\t\t\t\t<div class=\"elementor-widget-container\">\n\t\t\t\t\t<h2 class=\"elementor-heading-title elementor-size-default\">ProfiNRG hilft bei der Bewerbung sde ++ 2021<\/h2>\t\t\t\t<\/div>\n\t\t\t\t<\/div>\n\t\t\t\t<div class=\"elementor-element elementor-element-56dacef9 elementor-widget elementor-widget-spacer\" data-id=\"56dacef9\" data-element_type=\"widget\" data-e-type=\"widget\" data-widget_type=\"spacer.default\">\n\t\t\t\t<div class=\"elementor-widget-container\">\n\t\t\t\t\t\t\t<div class=\"elementor-spacer\">\n\t\t\t<div class=\"elementor-spacer-inner\"><\/div>\n\t\t<\/div>\n\t\t\t\t\t\t<\/div>\n\t\t\t\t<\/div>\n\t\t\t\t<div class=\"elementor-element elementor-element-6e69f828 elementor-widget elementor-widget-text-editor\" data-id=\"6e69f828\" data-element_type=\"widget\" data-e-type=\"widget\" data-widget_type=\"text-editor.default\">\n\t\t\t\t<div class=\"elementor-widget-container\">\n\t\t\t\t\t\t\t\t\t<p>Die RFO hat beschlossen, die SDE++ 2021 sp\u00e4ter zu er\u00f6ffnen. Provinzen und Gemeinden haben darauf hingewiesen, dass mit dem angek\u00fcndigten \u00d6ffnungszeitraum ein Druck auf die Genehmigung vieler Wind- und Solarprojekte entsteht. Die SDE++ 2021 wird daher nicht vor <strong>5. Oktober 2021<\/strong>. Die Er\u00f6ffnung schlie\u00dft am <strong>11. November 2021<\/strong>.<\/p><p>Profitieren Sie von unserer langj\u00e4hrigen Erfahrung bei der Beantragung von SDE-F\u00f6rdermitteln und der Realisierung Ihres Solarprojekts. Sie k\u00f6nnen nicht sofort einen Antrag stellen, aber Sie k\u00f6nnen uns mit der Antragstellung beauftragen. Wir bereiten Ihren Antrag dann so vor, dass wir ihn bei F\u00f6rderbeginn vollst\u00e4ndig und fristgerecht einreichen k\u00f6nnen.<\/p>\t\t\t\t\t\t\t\t<\/div>\n\t\t\t\t<\/div>\n\t\t\t\t<div class=\"elementor-element elementor-element-da31efb elementor-widget elementor-widget-spacer\" data-id=\"da31efb\" data-element_type=\"widget\" data-e-type=\"widget\" data-widget_type=\"spacer.default\">\n\t\t\t\t<div class=\"elementor-widget-container\">\n\t\t\t\t\t\t\t<div class=\"elementor-spacer\">\n\t\t\t<div class=\"elementor-spacer-inner\"><\/div>\n\t\t<\/div>\n\t\t\t\t\t\t<\/div>\n\t\t\t\t<\/div>\n\t\t\t\t<div class=\"elementor-element elementor-element-7c0eb5c elementor-align-left elementor-widget elementor-widget-elementskit-button\" data-id=\"7c0eb5c\" data-element_type=\"widget\" data-e-type=\"widget\" data-widget_type=\"elementskit-button.default\">\n\t\t\t\t<div class=\"elementor-widget-container\">\n\t\t\t\t\t<div class=\"ekit-wid-con\" >\t\t<div class=\"ekit-btn-wraper\">\n\t\t\t\t\t\t\t<a href=\"\/sde\/\" class=\"elementskit-btn  whitespace--normal\" id=\"\">\n\t\t\t\t\tWeitere Informationen und Genehmigungsformular <i class=\"jki jki-arrow-right-solid\"><\/i>\t\t\t\t<\/a>\n\t\t\t\t\t<\/div>\n        <\/div>\t\t\t\t<\/div>\n\t\t\t\t<\/div>\n\t\t\t\t\t<\/div>\n\t\t<\/div>\n\t\t\t\t\t<\/div>\n\t\t<\/section>\n\t\t\t\t<\/div>","protected":false},"excerpt":{"rendered":"<p>Die RFO hat beschlossen, die SDE++ 2021 sp\u00e4ter zu er\u00f6ffnen. Provinzen und Gemeinden haben darauf hingewiesen, dass durch den angek\u00fcndigten Zeitraum der \u00d6ffnung Druck auf die Genehmigung vieler Wind- und Solarprojekte ausge\u00fcbt wird. <\/p>","protected":false},"author":9,"featured_media":26970,"comment_status":"open","ping_status":"open","sticky":false,"template":"","format":"standard","meta":{"footnotes":""},"categories":[18],"tags":[],"class_list":["post-27039","post","type-post","status-publish","format-standard","has-post-thumbnail","hentry","category-nieuws"],"_links":{"self":[{"href":"https:\/\/profinrg.nl\/de\/wp-json\/wp\/v2\/posts\/27039","targetHints":{"allow":["GET"]}}],"collection":[{"href":"https:\/\/profinrg.nl\/de\/wp-json\/wp\/v2\/posts"}],"about":[{"href":"https:\/\/profinrg.nl\/de\/wp-json\/wp\/v2\/types\/post"}],"author":[{"embeddable":true,"href":"https:\/\/profinrg.nl\/de\/wp-json\/wp\/v2\/users\/9"}],"replies":[{"embeddable":true,"href":"https:\/\/profinrg.nl\/de\/wp-json\/wp\/v2\/comments?post=27039"}],"version-history":[{"count":0,"href":"https:\/\/profinrg.nl\/de\/wp-json\/wp\/v2\/posts\/27039\/revisions"}],"wp:featuredmedia":[{"embeddable":true,"href":"https:\/\/profinrg.nl\/de\/wp-json\/wp\/v2\/media\/26970"}],"wp:attachment":[{"href":"https:\/\/profinrg.nl\/de\/wp-json\/wp\/v2\/media?parent=27039"}],"wp:term":[{"taxonomy":"category","embeddable":true,"href":"https:\/\/profinrg.nl\/de\/wp-json\/wp\/v2\/categories?post=27039"},{"taxonomy":"post_tag","embeddable":true,"href":"https:\/\/profinrg.nl\/de\/wp-json\/wp\/v2\/tags?post=27039"}],"curies":[{"name":"wp","href":"https:\/\/api.w.org\/{rel}","templated":true}]}}