{"id":27049,"date":"2021-06-17T11:45:43","date_gmt":"2021-06-17T11:45:43","guid":{"rendered":"http:\/\/profinrg.nl\/?p=27049"},"modified":"2023-10-26T15:23:50","modified_gmt":"2023-10-26T15:23:50","slug":"neues-leben-fur-das-gewachshaus-der-sundial-bv","status":"publish","type":"post","link":"https:\/\/profinrg.nl\/de\/nieuw-leven-voor-broeikas-van-zonnewijzer-b-v\/","title":{"rendered":"Neues Leben f\u00fcr das Gew\u00e4chshaus der Sundial B.V."},"content":{"rendered":"<div data-elementor-type=\"wp-post\" data-elementor-id=\"27049\" class=\"elementor elementor-27049\" data-elementor-post-type=\"post\">\n\t\t\t\t\t\t<section class=\"elementor-section elementor-top-section elementor-element elementor-element-658079bd elementor-section-boxed elementor-section-height-default elementor-section-height-default\" data-id=\"658079bd\" data-element_type=\"section\" data-e-type=\"section\">\n\t\t\t\t\t\t<div class=\"elementor-container elementor-column-gap-default\">\n\t\t\t\t\t<div class=\"elementor-column elementor-col-100 elementor-top-column elementor-element elementor-element-5ab431d1\" data-id=\"5ab431d1\" data-element_type=\"column\" data-e-type=\"column\">\n\t\t\t<div class=\"elementor-widget-wrap elementor-element-populated\">\n\t\t\t\t\t\t<div class=\"elementor-element elementor-element-11e1de68 elementor-widget elementor-widget-heading\" data-id=\"11e1de68\" data-element_type=\"widget\" data-e-type=\"widget\" data-widget_type=\"heading.default\">\n\t\t\t\t<div class=\"elementor-widget-container\">\n\t\t\t\t\t<h2 class=\"elementor-heading-title elementor-size-default\">Neues Leben f\u00fcr das Gew\u00e4chshaus der Sundial B.V.<\/h2>\t\t\t\t<\/div>\n\t\t\t\t<\/div>\n\t\t\t\t<div class=\"elementor-element elementor-element-58d03681 elementor-widget elementor-widget-spacer\" data-id=\"58d03681\" data-element_type=\"widget\" data-e-type=\"widget\" data-widget_type=\"spacer.default\">\n\t\t\t\t<div class=\"elementor-widget-container\">\n\t\t\t\t\t\t\t<div class=\"elementor-spacer\">\n\t\t\t<div class=\"elementor-spacer-inner\"><\/div>\n\t\t<\/div>\n\t\t\t\t\t\t<\/div>\n\t\t\t\t<\/div>\n\t\t\t\t<div class=\"elementor-element elementor-element-35269bb5 elementor-widget elementor-widget-text-editor\" data-id=\"35269bb5\" data-element_type=\"widget\" data-e-type=\"widget\" data-widget_type=\"text-editor.default\">\n\t\t\t\t<div class=\"elementor-widget-container\">\n\t\t\t\t\t\t\t\t\t<p><strong>Aus dem Interesse heraus, in erneuerbare Energien zu investieren, kam Cor Poppe, Inhaber von Zonnewijzer B.V., auf die erfinderische Idee, ein Gew\u00e4chshaus als Tr\u00e4ger f\u00fcr etwa 20.000 Solarpaneele zu verwenden. Damit k\u00f6nnte Strom f\u00fcr etwa 1.900 Haushalte erzeugt werden. Ein interessantes Projekt, auch nach Ansicht von ProfiNRG und Energie Expertisecentrum Flevoland (EEF). Gemeinsam haben diese Parteien ihre Kr\u00e4fte geb\u00fcndelt, und nach Abstimmung mit der Gemeinde Noordoostpolder und in angenehmer Zusammenarbeit mit der Provinz Flevoland wurde das Projekt im vergangenen Monat abgeschlossen: Das erste Gew\u00e4chshaus mit Sonnenkollektoren ist eine Tatsache.\u00a0<\/strong><\/p>\t\t\t\t\t\t\t\t<\/div>\n\t\t\t\t<\/div>\n\t\t\t\t<div class=\"elementor-element elementor-element-98d179d elementor-widget elementor-widget-heading\" data-id=\"98d179d\" data-element_type=\"widget\" data-e-type=\"widget\" data-widget_type=\"heading.default\">\n\t\t\t\t<div class=\"elementor-widget-container\">\n\t\t\t\t\t<h2 class=\"elementor-heading-title elementor-size-default\">Ein erfinderischer Investor<\/h2>\t\t\t\t<\/div>\n\t\t\t\t<\/div>\n\t\t\t\t<div class=\"elementor-element elementor-element-88f4d62 elementor-widget elementor-widget-text-editor\" data-id=\"88f4d62\" data-element_type=\"widget\" data-e-type=\"widget\" data-widget_type=\"text-editor.default\">\n\t\t\t\t<div class=\"elementor-widget-container\">\n\t\t\t\t\t\t\t\t\t<p>Ob Solarpaneele oder Windturbinen, Cor Poppe wollte schon in jungen Jahren in gr\u00fcne Energie investieren. \"Gr\u00fcne Energie ist wichtig und dauerhaft, das ist es, was ich an dieser Investition liebe\", sagt Cor Poppe. \"Ich selbst stamme aus Creil und habe schon fr\u00fcher in die Ferne investiert, aber das hat mir nicht gefallen. Deshalb wollte ich eine nachhaltige Investition in diesem Viertel t\u00e4tigen. Damals gab es keine entsprechende Politik der Stadtverwaltung, also musste ich mir erst selbst einen Plan ausdenken. Ein Gew\u00e4chshaus hat ein gro\u00dfes Dach, und nach einigen Recherchen fand ich heraus, dass es theoretisch m\u00f6glich ist, auf einem solchen Dach Sonnenkollektoren zu installieren. Ein g\u00fcnstiger Aspekt dabei ist, dass ein Dach genehmigungsfrei ist. Nat\u00fcrlich habe ich das bei der Stadtverwaltung nachgefragt, aber die hat mir best\u00e4tigt, was ich mir schon gedacht hatte: Es ist erlaubt.\"<\/p>\t\t\t\t\t\t\t\t<\/div>\n\t\t\t\t<\/div>\n\t\t\t\t<div class=\"elementor-element elementor-element-e9f0b62 elementor-widget elementor-widget-heading\" data-id=\"e9f0b62\" data-element_type=\"widget\" data-e-type=\"widget\" data-widget_type=\"heading.default\">\n\t\t\t\t<div class=\"elementor-widget-container\">\n\t\t\t\t\t<h2 class=\"elementor-heading-title elementor-size-default\">EEF und ProfiNRG b\u00fcndeln ihre Kr\u00e4fte<\/h2>\t\t\t\t<\/div>\n\t\t\t\t<\/div>\n\t\t\t\t<div class=\"elementor-element elementor-element-7a8ef52 elementor-widget elementor-widget-text-editor\" data-id=\"7a8ef52\" data-element_type=\"widget\" data-e-type=\"widget\" data-widget_type=\"text-editor.default\">\n\t\t\t\t<div class=\"elementor-widget-container\">\n\t\t\t\t\t\t\t\t\t<p>Theoretisch w\u00e4re also ein Solardach realisierbar, aber da dies bisher kaum jemand gemacht hat, musste erst noch ein Anbieter gefunden werden, der dies in der Praxis umsetzen konnte. Cor Poppe wandte sich deshalb an EEF. \"Wir haben dann eine Reihe geeigneter Parteien ausgew\u00e4hlt, den EPC-Antrag erstellt und eine Ortsbesichtigung durchgef\u00fchrt\", sagt Willem Enklaar, Direktor bei EEF. \"Da ein Gew\u00e4chshaus im Grunde nicht f\u00fcr die Installation von PV-Anlagen gebaut ist, musste eine intelligente L\u00f6sung gefunden werden. ProfiNRG erf\u00fcllte alle Anforderungen am besten. Gemeinsam mit Cor hat ProfiNRG eine Konstruktion entwickelt, die es schlie\u00dflich erm\u00f6glichen sollte, die Solarpaneele auf dem Dach des Gew\u00e4chshauses zu platzieren.<\/p>\t\t\t\t\t\t\t\t<\/div>\n\t\t\t\t<\/div>\n\t\t\t\t<div class=\"elementor-element elementor-element-037f7f6 elementor-widget elementor-widget-heading\" data-id=\"037f7f6\" data-element_type=\"widget\" data-e-type=\"widget\" data-widget_type=\"heading.default\">\n\t\t\t\t<div class=\"elementor-widget-container\">\n\t\t\t\t\t<h2 class=\"elementor-heading-title elementor-size-default\">Solidit\u00e4t<\/h2>\t\t\t\t<\/div>\n\t\t\t\t<\/div>\n\t\t\t\t<div class=\"elementor-element elementor-element-b7b09ce elementor-widget elementor-widget-text-editor\" data-id=\"b7b09ce\" data-element_type=\"widget\" data-e-type=\"widget\" data-widget_type=\"text-editor.default\">\n\t\t\t\t<div class=\"elementor-widget-container\">\n\t\t\t\t\t\t\t\t\t<p>Eine solche Installationsmethode besteht darin, die Paneele \u00fcber die bestehende Verglasung zu montieren, wodurch praktisch zwei Strukturen \u00fcbereinander gebaut werden. \"Dies ist alles andere als ideal und relativ teuer, da die Unterkonstruktion oft nicht f\u00fcr das zus\u00e4tzliche Gewicht der Paneele ausgelegt ist\", sagt Cees van de Werken, Direktor von ProfiNRG. \"Eine andere g\u00e4ngige Praxis ist der Austausch des vorhandenen Glases. Die neuen rahmenlosen Solarmodule werden dann zwischen den Profilen des Gew\u00e4chshauses montiert. Der gro\u00dfe Nachteil dieses Ansatzes ist, dass man oft Probleme mit der Gr\u00f6\u00dfe bekommt.<\/p><p>Die L\u00f6sung, die wir zusammen mit Cor f\u00fcr das Gew\u00e4chshaus der Zonnewijzer BV entwickelt und angewendet haben, ist eine Konstruktion, die vollst\u00e4ndig aus normalen Solarpaneelen auf den vorhandenen St\u00e4ben besteht. Van de Werken: \"Das hat den Vorteil, dass wir so viel wie m\u00f6glich von der bestehenden Konstruktion wiederverwenden konnten. Wir entfernen das Glas und bringen an den St\u00e4ben ein Profilsystem an, in das die Paneele eingeschoben werden k\u00f6nnen. Dies gew\u00e4hrleistet eine solide Konstruktion. Wenn man mit rahmenlosen Paneelen arbeitet, ist das oft sehr anf\u00e4llig.\" Nicht nur die Stabilit\u00e4t ist wichtig, auch die Baukosten sind bei diesem neuen Konstruktionssystem sehr g\u00fcnstig. Van der Werken: \"Grob gesagt, kann man sagen, dass die Preise mit den Kosten normaler Freifl\u00e4chen-PV-Anlagen \u00e4hnlicher Gr\u00f6\u00dfe vergleichbar sind. Wir erwarten daher, dass dieses Projekt das Interesse neuer Interessenten wecken wird.\"<\/p><p>Als n\u00e4chstes musste ein Finanzierungsplan f\u00fcr diesen Bau aufgestellt werden. Auch hier konnte der EEF helfen. Die EEF wandte sich an mehrere Geldgeber. Sie halfen dann bei den Verhandlungen und schlie\u00dflich wurde ein Finanzier ausgew\u00e4hlt.<\/p>\t\t\t\t\t\t\t\t<\/div>\n\t\t\t\t<\/div>\n\t\t\t\t<div class=\"elementor-element elementor-element-981bb9d elementor-widget elementor-widget-heading\" data-id=\"981bb9d\" data-element_type=\"widget\" data-e-type=\"widget\" data-widget_type=\"heading.default\">\n\t\t\t\t<div class=\"elementor-widget-container\">\n\t\t\t\t\t<h2 class=\"elementor-heading-title elementor-size-default\">Doppelfunktionales Solargew\u00e4chshaus<\/h2>\t\t\t\t<\/div>\n\t\t\t\t<\/div>\n\t\t\t\t<div class=\"elementor-element elementor-element-28e1e38 elementor-widget elementor-widget-text-editor\" data-id=\"28e1e38\" data-element_type=\"widget\" data-e-type=\"widget\" data-widget_type=\"text-editor.default\">\n\t\t\t\t<div class=\"elementor-widget-container\">\n\t\t\t\t\t\t\t\t\t<p>Im Idealfall kann das Gew\u00e4chshaus nicht nur zur Stromerzeugung, sondern auch vollst\u00e4ndig als Gew\u00e4chshaus f\u00fcr den Anbau von Pflanzen genutzt werden. Sollte dies nur teilweise m\u00f6glich sein, gibt es noch viele M\u00f6glichkeiten, den verbleibenden Platz im Gew\u00e4chshaus auf vielf\u00e4ltige Weise sinnvoll zu nutzen. Cor Poppe: \"Im Land der Sonnenkollektoren ist man sehr auf der Suche nach einer Situation, in der eine Doppelfunktion geschaffen werden kann. Eine Feldanlage mit Solarmodulen auf landwirtschaftlichen Fl\u00e4chen kann nichts anderes tun. Au\u00dferdem wird eine solche Feldanlage von der Gesellschaft im Allgemeinen als h\u00e4sslich angesehen. Indem wir die Sonnenkollektoren auf dem Dach eines Gew\u00e4chshauses anbringen, verbergen wir sie vor den Blicken der Passanten. Die Sichtbarkeit der Paneele auf dem Gew\u00e4chshaus ist gleich Null, w\u00e4hrend die Kosten f\u00fcr eine solche Konstruktion im Vergleich zu einer Freilandanlage fast gleich sind. In der n\u00e4chsten Zeit werden wir untersuchen, ob wir auch in den hei\u00dfen Sommermonaten im Gew\u00e4chshaus Pflanzen anbauen k\u00f6nnen. Es besteht auch die M\u00f6glichkeit, einen Teil des Gew\u00e4chshauses als Lagerraum zu nutzen, falls die Gew\u00e4chshausfunktion (teilweise) doch nicht m\u00f6glich sein sollte.<\/p><p>Am Ende war alles ein Gewinn. Das Gew\u00e4chshaus war zum Abriss bereit. Die Konstruktion des Gew\u00e4chshauses war noch einwandfrei, aber ansonsten war es wirtschaftlich abgeschrieben. Durch den Abriss ist auch eine Menge Abbruchmaterial entstanden. Jetzt k\u00f6nnen wir f\u00fcr die n\u00e4chsten 15 bis 30 Jahre Solarenergie erzeugen und dem Gew\u00e4chshaus eine Doppelfunktion geben. Dar\u00fcber hinaus kann das Gew\u00e4chshaus nach Ablauf der wirtschaftlichen Lebensdauer der Paneele wieder in ein \"normales\" Gew\u00e4chshaus umgewandelt werden. Dies ist eigentlich die ultimative Form der Nachhaltigkeit, und ich denke, wir sollten sehr stolz darauf sein. Ich bin sehr froh, dass die Gemeinde dem zugestimmt hat, und ich hoffe, dass wir anderen als Vorbild dienen k\u00f6nnen. Jeder sucht bei Nachhaltigkeitsprojekten nach einem gewissen Doppelcharakter. Mit diesem Projekt haben wir eine gefunden.\"<\/p><p>Wenn Cor gewollt h\u00e4tte, h\u00e4tte er sein Projekt an verschiedene Interessenten im In- und Ausland weiterverkaufen k\u00f6nnen. Er entschied sich jedoch daf\u00fcr, es in der N\u00e4he seiner Heimat zu behalten. \"Wir sind mehrfach angesprochen worden, dieses Projekt an (ausl\u00e4ndische) Investoren weiterzuverkaufen. Wir wollten es genau im Polder machen, und dort wollen wir es auch behalten. Bei Zonnewijzer B.V. denken wir nach dem Motto: f\u00fcr den Polder, durch den Polder.\"<\/p>\t\t\t\t\t\t\t\t<\/div>\n\t\t\t\t<\/div>\n\t\t\t\t<div class=\"elementor-element elementor-element-45f6ab3 elementor-widget elementor-widget-heading\" data-id=\"45f6ab3\" data-element_type=\"widget\" data-e-type=\"widget\" data-widget_type=\"heading.default\">\n\t\t\t\t<div class=\"elementor-widget-container\">\n\t\t\t\t\t<h2 class=\"elementor-heading-title elementor-size-default\">\u00dcber das Energiekompetenzzentrum Flevoland (EEF)<\/h2>\t\t\t\t<\/div>\n\t\t\t\t<\/div>\n\t\t\t\t<div class=\"elementor-element elementor-element-757eee7 elementor-widget elementor-widget-text-editor\" data-id=\"757eee7\" data-element_type=\"widget\" data-e-type=\"widget\" data-widget_type=\"text-editor.default\">\n\t\t\t\t<div class=\"elementor-widget-container\">\n\t\t\t\t\t\t\t\t\t<p>Mit dem Energy Expertise Centre Flevoland (EEF) helfen wir Unternehmern, gemeinn\u00fctzigen Organisationen und Energiegenossenschaften in Flevoland bei der Entwicklung, Finanzierung und Umsetzung ihrer nachhaltigen Energie- und Energiesparprojekte. Unser Ziel? Die Energiewende in Flevoland zu beschleunigen und damit die lokale Wirtschaft zu st\u00e4rken.<\/p><p>Weitere Informationen: <a href=\"http:\/\/www.eef-flevoland.nl\/\" target=\"_blank\" rel=\"noopener\">www.eef-flevoland.nl<\/a><\/p>\t\t\t\t\t\t\t\t<\/div>\n\t\t\t\t<\/div>\n\t\t\t\t<div class=\"elementor-element elementor-element-2a88420 elementor-widget elementor-widget-heading\" data-id=\"2a88420\" data-element_type=\"widget\" data-e-type=\"widget\" data-widget_type=\"heading.default\">\n\t\t\t\t<div class=\"elementor-widget-container\">\n\t\t\t\t\t<h2 class=\"elementor-heading-title elementor-size-default\">\u00dcber ProfiNRG<\/h2>\t\t\t\t<\/div>\n\t\t\t\t<\/div>\n\t\t\t\t<div class=\"elementor-element elementor-element-889ec6f elementor-widget elementor-widget-text-editor\" data-id=\"889ec6f\" data-element_type=\"widget\" data-e-type=\"widget\" data-widget_type=\"text-editor.default\">\n\t\t\t\t<div class=\"elementor-widget-container\">\n\t\t\t\t\t\t\t\t\t<p>ProfiNRG ist Errichter und Betriebsf\u00fchrer von gro\u00dfen Solaranlagen ab 250 kWp und Lieferant von Gesamtpaketen f\u00fcr Installateure ab 100 kWp. Seit mehr als 10 Jahren liefert ProfiNRG anspruchsvolle Solarstromanlagen an seine Kunden. Sie arbeiten direkt im Auftrag von Landwirtschafts- und Gro\u00dfhandelsunternehmen, Beh\u00f6rden, Bau- und Installationsfirmen oder im Auftrag von Bautr\u00e4gern.<\/p>\t\t\t\t\t\t\t\t<\/div>\n\t\t\t\t<\/div>\n\t\t\t\t\t<\/div>\n\t\t<\/div>\n\t\t\t\t\t<\/div>\n\t\t<\/section>\n\t\t\t\t<section class=\"elementor-section elementor-top-section elementor-element elementor-element-fcb2706 elementor-section-boxed elementor-section-height-default elementor-section-height-default\" data-id=\"fcb2706\" data-element_type=\"section\" data-e-type=\"section\">\n\t\t\t\t\t\t<div class=\"elementor-container elementor-column-gap-default\">\n\t\t\t\t\t<div class=\"elementor-column elementor-col-100 elementor-top-column elementor-element elementor-element-1a476bb\" data-id=\"1a476bb\" data-element_type=\"column\" data-e-type=\"column\">\n\t\t\t<div class=\"elementor-widget-wrap elementor-element-populated\">\n\t\t\t\t\t\t<div class=\"elementor-element elementor-element-fb6c70d elementor-arrows-position-inside elementor-pagination-position-outside elementor-widget elementor-widget-image-carousel\" data-id=\"fb6c70d\" data-element_type=\"widget\" data-e-type=\"widget\" data-settings=\"{&quot;slides_to_show&quot;:&quot;3&quot;,&quot;slides_to_scroll&quot;:&quot;1&quot;,&quot;navigation&quot;:&quot;both&quot;,&quot;autoplay&quot;:&quot;yes&quot;,&quot;pause_on_hover&quot;:&quot;yes&quot;,&quot;pause_on_interaction&quot;:&quot;yes&quot;,&quot;autoplay_speed&quot;:5000,&quot;infinite&quot;:&quot;yes&quot;,&quot;speed&quot;:500,&quot;image_spacing_custom&quot;:{&quot;unit&quot;:&quot;px&quot;,&quot;size&quot;:20,&quot;sizes&quot;:[]},&quot;image_spacing_custom_tablet&quot;:{&quot;unit&quot;:&quot;px&quot;,&quot;size&quot;:&quot;&quot;,&quot;sizes&quot;:[]},&quot;image_spacing_custom_mobile&quot;:{&quot;unit&quot;:&quot;px&quot;,&quot;size&quot;:&quot;&quot;,&quot;sizes&quot;:[]}}\" data-widget_type=\"image-carousel.default\">\n\t\t\t\t<div class=\"elementor-widget-container\">\n\t\t\t\t\t\t\t<div class=\"elementor-image-carousel-wrapper swiper\" role=\"region\" aria-roledescription=\"carousel\" aria-label=\"Bild Karussell\" dir=\"ltr\">\n\t\t\t<div class=\"elementor-image-carousel swiper-wrapper\" aria-live=\"off\">\n\t\t\t\t\t\t\t\t<div class=\"swiper-slide\" role=\"group\" aria-roledescription=\"slide\" aria-label=\"1 von 3\"><figure class=\"swiper-slide-inner\"><img decoding=\"async\" class=\"swiper-slide-image\" src=\"https:\/\/profinrg.nl\/wp-content\/uploads\/2022\/05\/Zonnewijzer3-300x200.jpg\" alt=\"Gew\u00e4chshaus Luttelgeest\" title=\"\"><\/figure><\/div><div class=\"swiper-slide\" role=\"group\" aria-roledescription=\"slide\" aria-label=\"2 von 3\"><figure class=\"swiper-slide-inner\"><img decoding=\"async\" class=\"swiper-slide-image\" src=\"https:\/\/profinrg.nl\/wp-content\/uploads\/2022\/08\/Zonnewijzer2-1-300x200.jpg\" alt=\"Gew\u00e4chshaus Luttelgeest\" title=\"\"><\/figure><\/div><div class=\"swiper-slide\" role=\"group\" aria-roledescription=\"slide\" aria-label=\"3 von 3\"><figure class=\"swiper-slide-inner\"><img decoding=\"async\" class=\"swiper-slide-image\" src=\"https:\/\/profinrg.nl\/wp-content\/uploads\/2022\/08\/zonnewijzer1-300x200.jpg\" alt=\"Gew\u00e4chshaus Luttelgeest\" title=\"\"><\/figure><\/div>\t\t\t<\/div>\n\t\t\t\t\t\t\t\t\t\t\t\t<div class=\"elementor-swiper-button elementor-swiper-button-prev\" role=\"button\" tabindex=\"0\">\n\t\t\t\t\t\t<i aria-hidden=\"true\" class=\"eicon-chevron-left\"><\/i>\t\t\t\t\t<\/div>\n\t\t\t\t\t<div class=\"elementor-swiper-button elementor-swiper-button-next\" role=\"button\" tabindex=\"0\">\n\t\t\t\t\t\t<i aria-hidden=\"true\" class=\"eicon-chevron-right\"><\/i>\t\t\t\t\t<\/div>\n\t\t\t\t\n\t\t\t\t\t\t\t\t\t<div class=\"swiper-pagination\"><\/div>\n\t\t\t\t\t\t\t\t\t<\/div>\n\t\t\t\t\t\t<\/div>\n\t\t\t\t<\/div>\n\t\t\t\t\t<\/div>\n\t\t<\/div>\n\t\t\t\t\t<\/div>\n\t\t<\/section>\n\t\t\t\t<\/div>","protected":false},"excerpt":{"rendered":"<p>Aus dem Interesse heraus, in erneuerbare Energien zu investieren, kam Cor Poppe, Inhaber von Zonnewijzer B.V., auf die erfinderische Idee, ein Gew\u00e4chshaus als Tr\u00e4ger f\u00fcr etwa 20.000 Solarpaneele zu verwenden.<\/p>","protected":false},"author":9,"featured_media":26982,"comment_status":"open","ping_status":"open","sticky":false,"template":"","format":"standard","meta":{"footnotes":""},"categories":[18],"tags":[],"class_list":["post-27049","post","type-post","status-publish","format-standard","has-post-thumbnail","hentry","category-nieuws"],"_links":{"self":[{"href":"https:\/\/profinrg.nl\/de\/wp-json\/wp\/v2\/posts\/27049","targetHints":{"allow":["GET"]}}],"collection":[{"href":"https:\/\/profinrg.nl\/de\/wp-json\/wp\/v2\/posts"}],"about":[{"href":"https:\/\/profinrg.nl\/de\/wp-json\/wp\/v2\/types\/post"}],"author":[{"embeddable":true,"href":"https:\/\/profinrg.nl\/de\/wp-json\/wp\/v2\/users\/9"}],"replies":[{"embeddable":true,"href":"https:\/\/profinrg.nl\/de\/wp-json\/wp\/v2\/comments?post=27049"}],"version-history":[{"count":0,"href":"https:\/\/profinrg.nl\/de\/wp-json\/wp\/v2\/posts\/27049\/revisions"}],"wp:featuredmedia":[{"embeddable":true,"href":"https:\/\/profinrg.nl\/de\/wp-json\/wp\/v2\/media\/26982"}],"wp:attachment":[{"href":"https:\/\/profinrg.nl\/de\/wp-json\/wp\/v2\/media?parent=27049"}],"wp:term":[{"taxonomy":"category","embeddable":true,"href":"https:\/\/profinrg.nl\/de\/wp-json\/wp\/v2\/categories?post=27049"},{"taxonomy":"post_tag","embeddable":true,"href":"https:\/\/profinrg.nl\/de\/wp-json\/wp\/v2\/tags?post=27049"}],"curies":[{"name":"wp","href":"https:\/\/api.w.org\/{rel}","templated":true}]}}