{"id":27079,"date":"2021-09-07T12:03:35","date_gmt":"2021-09-07T12:03:35","guid":{"rendered":"http:\/\/profinrg.nl\/?p=27079"},"modified":"2023-10-26T15:23:15","modified_gmt":"2023-10-26T15:23:15","slug":"tag-der-offenen-energie-am-11-september-kommen-sie-und-schauen-sie-sich-den-solarpark-langstraatzon-an","status":"publish","type":"post","link":"https:\/\/profinrg.nl\/de\/open-energiedag-11-september-kom-kijken-bij-zonnepark-langstraatzon\/","title":{"rendered":"Tag der offenen T\u00fcr am 11. September: Besuchen Sie den Solarpark Langstraatzon"},"content":{"rendered":"<div data-elementor-type=\"wp-post\" data-elementor-id=\"27079\" class=\"elementor elementor-27079\" data-elementor-post-type=\"post\">\n\t\t\t\t\t\t<section class=\"elementor-section elementor-top-section elementor-element elementor-element-4df1229b elementor-section-boxed elementor-section-height-default elementor-section-height-default\" data-id=\"4df1229b\" data-element_type=\"section\" data-e-type=\"section\">\n\t\t\t\t\t\t<div class=\"elementor-container elementor-column-gap-default\">\n\t\t\t\t\t<div class=\"elementor-column elementor-col-100 elementor-top-column elementor-element elementor-element-42037379\" data-id=\"42037379\" data-element_type=\"column\" data-e-type=\"column\">\n\t\t\t<div class=\"elementor-widget-wrap elementor-element-populated\">\n\t\t\t\t\t\t<div class=\"elementor-element elementor-element-619e32c5 elementor-widget elementor-widget-heading\" data-id=\"619e32c5\" data-element_type=\"widget\" data-e-type=\"widget\" data-widget_type=\"heading.default\">\n\t\t\t\t<div class=\"elementor-widget-container\">\n\t\t\t\t\t<h2 class=\"elementor-heading-title elementor-size-default\">Tag der offenen T\u00fcr am 11. September: Besuchen Sie den Solarpark Langstraatzon<\/h2>\t\t\t\t<\/div>\n\t\t\t\t<\/div>\n\t\t\t\t<div class=\"elementor-element elementor-element-1db08b6c elementor-widget elementor-widget-spacer\" data-id=\"1db08b6c\" data-element_type=\"widget\" data-e-type=\"widget\" data-widget_type=\"spacer.default\">\n\t\t\t\t<div class=\"elementor-widget-container\">\n\t\t\t\t\t\t\t<div class=\"elementor-spacer\">\n\t\t\t<div class=\"elementor-spacer-inner\"><\/div>\n\t\t<\/div>\n\t\t\t\t\t\t<\/div>\n\t\t\t\t<\/div>\n\t\t\t\t<div class=\"elementor-element elementor-element-61a358d8 elementor-widget elementor-widget-text-editor\" data-id=\"61a358d8\" data-element_type=\"widget\" data-e-type=\"widget\" data-widget_type=\"text-editor.default\">\n\t\t\t\t<div class=\"elementor-widget-container\">\n\t\t\t\t\t\t\t\t\t<p><strong>In diesem Jahr wird zum ersten Mal der Tag der offenen T\u00fcr organisiert: Am 11. September k\u00f6nnen Interessierte in den ganzen Niederlanden eine Windturbine, einen Solarpark, eine W\u00e4rmeanlage oder andere nachhaltige Energieprojekte besichtigen. Auch der Solarpark LangstraatZon in Waalwijk wird an diesem Samstag seine T\u00fcren f\u00fcr die \u00d6ffentlichkeit \u00f6ffnen.<\/strong><\/p><p>In den kommenden Jahren werden die Niederlande immer mehr Energie aus erneuerbaren Quellen erzeugen, z. B. mit Windr\u00e4dern, Sonnenkollektoren, Erdw\u00e4rme, W\u00e4rmepumpen oder aus Wasser. Am Tag der offenen T\u00fcr kann sich jeder selbst davon \u00fcberzeugen, wie das funktioniert. An Dutzenden von Standorten in den Niederlanden \u00f6ffnen die Erzeuger ihre T\u00fcren. Auch in Waalwijk k\u00f6nnen Besucher den Zonnepark LangstraatZon besuchen. Weitere Informationen finden Sie unter <a href=\"http:\/\/www.daarkrijgjeenergievan.nl\/\" target=\"_blank\" rel=\"noopener\">Daarkrijgjeenergievan.nl<\/a><\/p>\t\t\t\t\t\t\t\t<\/div>\n\t\t\t\t<\/div>\n\t\t\t\t<div class=\"elementor-element elementor-element-c0334ca elementor-widget elementor-widget-heading\" data-id=\"c0334ca\" data-element_type=\"widget\" data-e-type=\"widget\" data-widget_type=\"heading.default\">\n\t\t\t\t<div class=\"elementor-widget-container\">\n\t\t\t\t\t<h2 class=\"elementor-heading-title elementor-size-default\">\u00dcber Zonnepark Langstraat Zon Waalwijk<\/h2>\t\t\t\t<\/div>\n\t\t\t\t<\/div>\n\t\t\t\t<div class=\"elementor-element elementor-element-6eba79f elementor-widget elementor-widget-text-editor\" data-id=\"6eba79f\" data-element_type=\"widget\" data-e-type=\"widget\" data-widget_type=\"text-editor.default\">\n\t\t\t\t<div class=\"elementor-widget-container\">\n\t\t\t\t\t\t\t\t\t<p>Die Langstraat Zon Co\u00f6peratie U.A. ist eine B\u00fcrgerinitiative mit dem Ziel, in der Gemeinde Waalwijk gemeinsam mit Anwohnern, Unternehmen und Vereinen der Gemeinde Solarenergie zu erzeugen. Im Ecopark der Gemeinde Waalwijk realisiert sie <strong>ProfiNRG<\/strong> einen Solarpark mit insgesamt 15.610 Solarzellen. Derzeit laufen die Arbeiten zur Installation der Solarmodule. Wir hoffen, dass das Solarsystem bis Mitte Oktober in Betrieb genommen werden kann. Die Gesamtkapazit\u00e4t dieser Anlage betr\u00e4gt 5.853,75 kWp, was dem Verbrauch von 1.600 Haushalten entspricht.<\/p><p>\u00a0<\/p>\t\t\t\t\t\t\t\t<\/div>\n\t\t\t\t<\/div>\n\t\t\t\t<div class=\"elementor-element elementor-element-ffa6089 elementor-widget elementor-widget-heading\" data-id=\"ffa6089\" data-element_type=\"widget\" data-e-type=\"widget\" data-widget_type=\"heading.default\">\n\t\t\t\t<div class=\"elementor-widget-container\">\n\t\t\t\t\t<h2 class=\"elementor-heading-title elementor-size-default\">Praktische Informationen<\/h2>\t\t\t\t<\/div>\n\t\t\t\t<\/div>\n\t\t\t\t<div class=\"elementor-element elementor-element-333b43e elementor-widget elementor-widget-text-editor\" data-id=\"333b43e\" data-element_type=\"widget\" data-e-type=\"widget\" data-widget_type=\"text-editor.default\">\n\t\t\t\t<div class=\"elementor-widget-container\">\n\t\t\t\t\t\t\t\t\t<p>Der Solarpark am Gansoyenseweg 20 in Waalwijk kann zwischen 11 Uhr und 15 Uhr besichtigt werden. Es werden laufend F\u00fchrungen durch den Solarpark angeboten. Au\u00dferdem gibt es eine H\u00fcpfburg f\u00fcr die Kinder und einen Pommeswagen f\u00fcr die Hungrigen (bis 13.30 Uhr). Nat\u00fcrlich ist auch f\u00fcr Kaffee und Tee gesorgt. Wir freuen uns darauf, Sie am Samstag in Waalwijk zu sehen!<\/p>\t\t\t\t\t\t\t\t<\/div>\n\t\t\t\t<\/div>\n\t\t\t\t<div class=\"elementor-element elementor-element-8849716 elementor-widget elementor-widget-spacer\" data-id=\"8849716\" data-element_type=\"widget\" data-e-type=\"widget\" data-widget_type=\"spacer.default\">\n\t\t\t\t<div class=\"elementor-widget-container\">\n\t\t\t\t\t\t\t<div class=\"elementor-spacer\">\n\t\t\t<div class=\"elementor-spacer-inner\"><\/div>\n\t\t<\/div>\n\t\t\t\t\t\t<\/div>\n\t\t\t\t<\/div>\n\t\t\t\t<section class=\"elementor-section elementor-inner-section elementor-element elementor-element-e68650b elementor-section-boxed elementor-section-height-default elementor-section-height-default\" data-id=\"e68650b\" data-element_type=\"section\" data-e-type=\"section\">\n\t\t\t\t\t\t<div class=\"elementor-container elementor-column-gap-default\">\n\t\t\t\t\t<div class=\"elementor-column elementor-col-50 elementor-inner-column elementor-element elementor-element-39c543b\" data-id=\"39c543b\" data-element_type=\"column\" data-e-type=\"column\">\n\t\t\t<div class=\"elementor-widget-wrap elementor-element-populated\">\n\t\t\t\t\t\t<div class=\"elementor-element elementor-element-bdc3530 elementor-widget elementor-widget-image\" data-id=\"bdc3530\" data-element_type=\"widget\" data-e-type=\"widget\" data-widget_type=\"image.default\">\n\t\t\t\t<div class=\"elementor-widget-container\">\n\t\t\t\t\t\t\t\t\t\t\t\t\t\t\t<img width=\"300\" height=\"138\" src=\"https:\/\/profinrg.nl\/wp-content\/uploads\/2022\/08\/opendag-uitnodiging-algemeen-300x138-1.jpg\" class=\"attachment-full size-full wp-image-27082\" alt=\"\" decoding=\"async\" title=\"\">\t\t\t\t\t\t\t\t\t\t\t\t\t\t\t<\/div>\n\t\t\t\t<\/div>\n\t\t\t\t<div class=\"elementor-element elementor-element-490b693 elementor-widget elementor-widget-text-editor\" data-id=\"490b693\" data-element_type=\"widget\" data-e-type=\"widget\" data-widget_type=\"text-editor.default\">\n\t\t\t\t<div class=\"elementor-widget-container\">\n\t\t\t\t\t\t\t\t\t<p><strong>Standort:<\/strong> Gansoyenseweg 20 in Waalwijk<\/p><p><strong>Parken:<\/strong> Hazardweg Waalwijk, siehe Parkw\u00e4chter.<\/p><p><strong>Zeit:<\/strong> 11.00-15.00 Uhr<\/p><p><strong>Anmerkung:<\/strong> Vom Parkplatz aus sind es etwa 700 Meter zu Fu\u00df.<\/p><p><strong>Lesen Sie auch:<\/strong>\u00a0<a href=\"https:\/\/www.bd.nl\/waalwijk-heusden-e-o\/plan-zonnepark-in-waalwijk-haalt-de-eindstreep-een-deken-van-15-428-zonnepanelen~a68cb1cf\/\" target=\"_blank\" rel=\"noopener\">Plan-Solarpark in Waalwijk erreicht die Ziellinie: 15.428 Solarmodule in einer Decke<\/a><\/p>\t\t\t\t\t\t\t\t<\/div>\n\t\t\t\t<\/div>\n\t\t\t\t\t<\/div>\n\t\t<\/div>\n\t\t\t\t<div class=\"elementor-column elementor-col-50 elementor-inner-column elementor-element elementor-element-6006658\" data-id=\"6006658\" data-element_type=\"column\" data-e-type=\"column\">\n\t\t\t<div class=\"elementor-widget-wrap\">\n\t\t\t\t\t\t\t<\/div>\n\t\t<\/div>\n\t\t\t\t\t<\/div>\n\t\t<\/section>\n\t\t\t\t\t<\/div>\n\t\t<\/div>\n\t\t\t\t\t<\/div>\n\t\t<\/section>\n\t\t\t\t<\/div>","protected":false},"excerpt":{"rendered":"<p>In diesem Jahr wird zum ersten Mal der Tag der offenen T\u00fcr organisiert: Am 11. September k\u00f6nnen Interessierte in den ganzen Niederlanden eine Windturbine, einen Solarpark, eine W\u00e4rmeanlage oder andere Projekte f\u00fcr erneuerbare Energien besichtigen.<\/p>","protected":false},"author":9,"featured_media":26980,"comment_status":"open","ping_status":"open","sticky":false,"template":"","format":"standard","meta":{"footnotes":""},"categories":[18],"tags":[],"class_list":["post-27079","post","type-post","status-publish","format-standard","has-post-thumbnail","hentry","category-nieuws"],"_links":{"self":[{"href":"https:\/\/profinrg.nl\/de\/wp-json\/wp\/v2\/posts\/27079","targetHints":{"allow":["GET"]}}],"collection":[{"href":"https:\/\/profinrg.nl\/de\/wp-json\/wp\/v2\/posts"}],"about":[{"href":"https:\/\/profinrg.nl\/de\/wp-json\/wp\/v2\/types\/post"}],"author":[{"embeddable":true,"href":"https:\/\/profinrg.nl\/de\/wp-json\/wp\/v2\/users\/9"}],"replies":[{"embeddable":true,"href":"https:\/\/profinrg.nl\/de\/wp-json\/wp\/v2\/comments?post=27079"}],"version-history":[{"count":0,"href":"https:\/\/profinrg.nl\/de\/wp-json\/wp\/v2\/posts\/27079\/revisions"}],"wp:featuredmedia":[{"embeddable":true,"href":"https:\/\/profinrg.nl\/de\/wp-json\/wp\/v2\/media\/26980"}],"wp:attachment":[{"href":"https:\/\/profinrg.nl\/de\/wp-json\/wp\/v2\/media?parent=27079"}],"wp:term":[{"taxonomy":"category","embeddable":true,"href":"https:\/\/profinrg.nl\/de\/wp-json\/wp\/v2\/categories?post=27079"},{"taxonomy":"post_tag","embeddable":true,"href":"https:\/\/profinrg.nl\/de\/wp-json\/wp\/v2\/tags?post=27079"}],"curies":[{"name":"wp","href":"https:\/\/api.w.org\/{rel}","templated":true}]}}