{"id":27109,"date":"2021-12-20T12:33:50","date_gmt":"2021-12-20T12:33:50","guid":{"rendered":"http:\/\/profinrg.nl\/?p=27109"},"modified":"2023-10-26T15:22:27","modified_gmt":"2023-10-26T15:22:27","slug":"neue-koalitionsvereinbarung-aufeinander-zugehen-und-in-die-zukunft-blicken","status":"publish","type":"post","link":"https:\/\/profinrg.nl\/de\/nieuwe-regeerakkoord-omzien-naar-elkaar-vooruitkijken-naar-de-toekomst\/","title":{"rendered":"Neuer Koalitionsvertrag: Aufeinander aufpassen, in die Zukunft blicken"},"content":{"rendered":"<div data-elementor-type=\"wp-post\" data-elementor-id=\"27109\" class=\"elementor elementor-27109\" data-elementor-post-type=\"post\">\n\t\t\t\t\t\t<section class=\"elementor-section elementor-top-section elementor-element elementor-element-483d298f elementor-section-boxed elementor-section-height-default elementor-section-height-default\" data-id=\"483d298f\" data-element_type=\"section\" data-e-type=\"section\">\n\t\t\t\t\t\t<div class=\"elementor-container elementor-column-gap-default\">\n\t\t\t\t\t<div class=\"elementor-column elementor-col-100 elementor-top-column elementor-element elementor-element-5d6ff238\" data-id=\"5d6ff238\" data-element_type=\"column\" data-e-type=\"column\">\n\t\t\t<div class=\"elementor-widget-wrap elementor-element-populated\">\n\t\t\t\t\t\t<div class=\"elementor-element elementor-element-4d4b15e2 elementor-widget elementor-widget-heading\" data-id=\"4d4b15e2\" data-element_type=\"widget\" data-e-type=\"widget\" data-widget_type=\"heading.default\">\n\t\t\t\t<div class=\"elementor-widget-container\">\n\t\t\t\t\t<h2 class=\"elementor-heading-title elementor-size-default\">Neuer Koalitionsvertrag: Aufeinander aufpassen, in die Zukunft blicken<\/h2>\t\t\t\t<\/div>\n\t\t\t\t<\/div>\n\t\t\t\t<div class=\"elementor-element elementor-element-734313a6 elementor-widget elementor-widget-spacer\" data-id=\"734313a6\" data-element_type=\"widget\" data-e-type=\"widget\" data-widget_type=\"spacer.default\">\n\t\t\t\t<div class=\"elementor-widget-container\">\n\t\t\t\t\t\t\t<div class=\"elementor-spacer\">\n\t\t\t<div class=\"elementor-spacer-inner\"><\/div>\n\t\t<\/div>\n\t\t\t\t\t\t<\/div>\n\t\t\t\t<\/div>\n\t\t\t\t<div class=\"elementor-element elementor-element-58a23be9 elementor-widget elementor-widget-text-editor\" data-id=\"58a23be9\" data-element_type=\"widget\" data-e-type=\"widget\" data-widget_type=\"text-editor.default\">\n\t\t\t\t<div class=\"elementor-widget-container\">\n\t\t\t\t\t\t\t\t\t<p>Was bedeutet der neue Koalitionsvertrag f\u00fcr das Klima? Die Regierung will Haushalte und Gemeinden, Unternehmen und Genossenschaften sowie D\u00f6rfer und St\u00e4dte in die Lage versetzen, einen nachhaltigen Wandel zu vollziehen. Sie will dies tun, indem sie:<\/p><ul><li>Das Ziel f\u00fcr 2030 im Klimagesetz wird auf mindestens 55% CO2-Reduktion versch\u00e4rft. Bis 2035 sollen es 70% und bis 2040 80% sein.<\/li><li>Die Durchf\u00fchrungsbefugnis wird gest\u00e4rkt, und es wird ein Generationstest durchgef\u00fchrt.<\/li><li>F\u00fcr die n\u00e4chsten 10 Jahre wird ein mit 35 Mrd. \u20ac ausgestatteter Klima- und \u00dcbergangsfonds eingerichtet, zus\u00e4tzlich zu den derzeitigen <a href=\"\/sde\/\" target=\"_blank\" rel=\"noopener\" data-cke-saved-href=\"http:\/\/profinrg.nl\/sde\/\">SDE++-Zuschuss<\/a>.<\/li><li>Die Verfahren f\u00fcr die Realisierung neuer gro\u00dfer Energieinfrastrukturprojekte (von nationaler Bedeutung) werden beschleunigt.<\/li><li>Die Klimapolitik wird auf der Grundlage der erwarteten Auswirkungen auf die CO2-Emissionen und die Erschwinglichkeit f\u00fcr Haushalte und KMU neu kalibriert.<\/li><li>Ausbildung oder Umschulung\/Umschulung von ausreichend qualifizierten Arbeitskr\u00e4ften.<\/li><\/ul><p>Die Koalition setzt ihre Hoffnungen auf den Bau von 2 Kernkraftwerken, um die Niederlande CO2-neutral zu machen. Sie stellt 5 Milliarden f\u00fcr die Durchf\u00fchrung von Machbarkeitsstudien bereit. F\u00fcr dieses Budget k\u00f6nnen viele Wind- und Solarparks realisiert werden, die auch viel schneller und zu niedrigeren Preisen Ergebnisse liefern.<\/p><p>Lesen Sie <strong><a href=\"http:\/\/profinrg.nl\/wp-content\/uploads\/2022\/08\/coalitieakkoord-2021-2025.pdf\" target=\"_blank\" rel=\"noopener\">hier. <\/a><\/strong>den gesamten Koalitionsvertrag.<\/p><p>Sie m\u00f6chten wissen, was ProfiNRG f\u00fcr Sie in der Energiewende tun kann? Rufen Sie 030 265 8512 an oder schreiben Sie an <a href=\"mailto:info@profinrg.nl?subject=subsidievrij%20bouwen\" target=\"_blank\" rel=\"noopener\" data-cke-saved-href=\"mailto:info@profinrg.nl?subject=subsidievrij%20bouwen\">info@profinrg.nl<\/a>.<\/p><p>Quelle: Kabinettsbildung2021<\/p>\t\t\t\t\t\t\t\t<\/div>\n\t\t\t\t<\/div>\n\t\t\t\t\t<\/div>\n\t\t<\/div>\n\t\t\t\t\t<\/div>\n\t\t<\/section>\n\t\t\t\t<\/div>","protected":false},"excerpt":{"rendered":"<p>Was bedeutet der neue Koalitionsvertrag f\u00fcr das Klima? Die Regierung will Haushalte und Gemeinden, Unternehmen und Genossenschaften sowie St\u00e4dte und Gemeinden in die Lage versetzen, einen nachhaltigen Wandel zu vollziehen.<\/p>","protected":false},"author":9,"featured_media":30661,"comment_status":"open","ping_status":"open","sticky":false,"template":"","format":"standard","meta":{"footnotes":""},"categories":[18],"tags":[],"class_list":["post-27109","post","type-post","status-publish","format-standard","has-post-thumbnail","hentry","category-nieuws"],"_links":{"self":[{"href":"https:\/\/profinrg.nl\/de\/wp-json\/wp\/v2\/posts\/27109","targetHints":{"allow":["GET"]}}],"collection":[{"href":"https:\/\/profinrg.nl\/de\/wp-json\/wp\/v2\/posts"}],"about":[{"href":"https:\/\/profinrg.nl\/de\/wp-json\/wp\/v2\/types\/post"}],"author":[{"embeddable":true,"href":"https:\/\/profinrg.nl\/de\/wp-json\/wp\/v2\/users\/9"}],"replies":[{"embeddable":true,"href":"https:\/\/profinrg.nl\/de\/wp-json\/wp\/v2\/comments?post=27109"}],"version-history":[{"count":0,"href":"https:\/\/profinrg.nl\/de\/wp-json\/wp\/v2\/posts\/27109\/revisions"}],"wp:featuredmedia":[{"embeddable":true,"href":"https:\/\/profinrg.nl\/de\/wp-json\/wp\/v2\/media\/30661"}],"wp:attachment":[{"href":"https:\/\/profinrg.nl\/de\/wp-json\/wp\/v2\/media?parent=27109"}],"wp:term":[{"taxonomy":"category","embeddable":true,"href":"https:\/\/profinrg.nl\/de\/wp-json\/wp\/v2\/categories?post=27109"},{"taxonomy":"post_tag","embeddable":true,"href":"https:\/\/profinrg.nl\/de\/wp-json\/wp\/v2\/tags?post=27109"}],"curies":[{"name":"wp","href":"https:\/\/api.w.org\/{rel}","templated":true}]}}