{"id":27204,"date":"2022-06-21T13:31:29","date_gmt":"2022-06-21T13:31:29","guid":{"rendered":"http:\/\/profinrg.nl\/?p=27204"},"modified":"2023-10-26T15:18:41","modified_gmt":"2023-10-26T15:18:41","slug":"50-prozent-netzanschlusspflicht-in-sde","status":"publish","type":"post","link":"https:\/\/profinrg.nl\/de\/50-procent-netaansluiting-verplicht-in-sde\/","title":{"rendered":"50-prozentige Netzanbindung in SDE++ verpflichtend: \"eine weitere Komplikation f\u00fcr den Business Case\"."},"content":{"rendered":"<div data-elementor-type=\"wp-post\" data-elementor-id=\"27204\" class=\"elementor elementor-27204\" data-elementor-post-type=\"post\">\n\t\t\t\t\t\t<section class=\"elementor-section elementor-top-section elementor-element elementor-element-6fa7e7b4 elementor-section-boxed elementor-section-height-default elementor-section-height-default\" data-id=\"6fa7e7b4\" data-element_type=\"section\" data-e-type=\"section\">\n\t\t\t\t\t\t<div class=\"elementor-container elementor-column-gap-default\">\n\t\t\t\t\t<div class=\"elementor-column elementor-col-100 elementor-top-column elementor-element elementor-element-3fe3f358\" data-id=\"3fe3f358\" data-element_type=\"column\" data-e-type=\"column\">\n\t\t\t<div class=\"elementor-widget-wrap elementor-element-populated\">\n\t\t\t\t\t\t<div class=\"elementor-element elementor-element-6e856f20 elementor-widget elementor-widget-heading\" data-id=\"6e856f20\" data-element_type=\"widget\" data-e-type=\"widget\" data-widget_type=\"heading.default\">\n\t\t\t\t<div class=\"elementor-widget-container\">\n\t\t\t\t\t<h2 class=\"elementor-heading-title elementor-size-default\">50-prozentige Netzanbindung in SDE++ verpflichtend: \"eine weitere Komplikation f\u00fcr den Business Case\".<\/h2>\t\t\t\t<\/div>\n\t\t\t\t<\/div>\n\t\t\t\t<div class=\"elementor-element elementor-element-7c069a00 elementor-widget elementor-widget-spacer\" data-id=\"7c069a00\" data-element_type=\"widget\" data-e-type=\"widget\" data-widget_type=\"spacer.default\">\n\t\t\t\t<div class=\"elementor-widget-container\">\n\t\t\t\t\t\t\t<div class=\"elementor-spacer\">\n\t\t\t<div class=\"elementor-spacer-inner\"><\/div>\n\t\t<\/div>\n\t\t\t\t\t\t<\/div>\n\t\t\t\t<\/div>\n\t\t\t\t<div class=\"elementor-element elementor-element-46390f96 elementor-widget elementor-widget-text-editor\" data-id=\"46390f96\" data-element_type=\"widget\" data-e-type=\"widget\" data-widget_type=\"text-editor.default\">\n\t\t\t\t<div class=\"elementor-widget-container\">\n\t\t\t\t\t\t\t\t\t<p class=\"news-intro\"><strong>Die Fortf\u00fchrung von immer mehr SDE++-Projekten steht aufgrund der gestiegenen Kosten unter gro\u00dfem Druck\", sagt Cees van de Werken von ProfiNRG. Die Anforderung eines 50-prozentigen Netzanschlusses bedeutet eine zus\u00e4tzliche Herausforderung.<\/strong><\/p><div class=\"news-description\"><p>In der n\u00e4chsten SDE++-Runde werden nur Solarstromprojekte honoriert, die mit 50 Prozent der Spitzenkapazit\u00e4t angeschlossen sind. Diese obligatorische Deckelung ist offensichtlich auf Probleme mit der Netzkapazit\u00e4t in den Niederlanden zur\u00fcckzuf\u00fchren. Aber was bedeutet das f\u00fcr die Gesch\u00e4ftsmodelle dieser Projekte? Cees van de Werken, Gr\u00fcnder und Miteigent\u00fcmer des epc-Auftragnehmers ProfiNRG, weist darauf hin, dass diese ohnehin unter gro\u00dfem Druck stehen.<\/p><\/div>\t\t\t\t\t\t\t\t<\/div>\n\t\t\t\t<\/div>\n\t\t\t\t<div class=\"elementor-element elementor-element-7727d17 elementor-widget elementor-widget-heading\" data-id=\"7727d17\" data-element_type=\"widget\" data-e-type=\"widget\" data-widget_type=\"heading.default\">\n\t\t\t\t<div class=\"elementor-widget-container\">\n\t\t\t\t\t<h2 class=\"elementor-heading-title elementor-size-default\">In der Warteschleife<\/h2>\t\t\t\t<\/div>\n\t\t\t\t<\/div>\n\t\t\t\t<div class=\"elementor-element elementor-element-cbdcc12 elementor-widget elementor-widget-text-editor\" data-id=\"cbdcc12\" data-element_type=\"widget\" data-e-type=\"widget\" data-widget_type=\"text-editor.default\">\n\t\t\t\t<div class=\"elementor-widget-container\">\n\t\t\t\t\t\t\t\t\t<p class=\"news-intro\">Die Basissubventionsbetr\u00e4ge sind in den letzten Jahren stetig gesunken. Die Preise f\u00fcr Solarmodule sind stark gestiegen, in der Spitze um bis zu 10 Cent pro Watt. Auch andere Materialien wie Kabel, Montagesysteme und Dienstleistungen von Subunternehmern sind erheblich teurer geworden. Infolgedessen sind die Projektpreise um 25 bis 30 Prozent gestiegen. Die Folge ist, dass es immer schwieriger wird, die Projekte zu finanzieren; das ist das gro\u00dfe Problem auf unserem derzeitigen Markt. Viele Projekte werden auf Eis gelegt oder gestrichen. Andere werden in der Hoffnung fortgef\u00fchrt, dass die Strompreise so hoch bleiben wie sie jetzt sind.<\/p>\t\t\t\t\t\t\t\t<\/div>\n\t\t\t\t<\/div>\n\t\t\t\t<div class=\"elementor-element elementor-element-0ce4d55 elementor-widget elementor-widget-heading\" data-id=\"0ce4d55\" data-element_type=\"widget\" data-e-type=\"widget\" data-widget_type=\"heading.default\">\n\t\t\t\t<div class=\"elementor-widget-container\">\n\t\t\t\t\t<h2 class=\"elementor-heading-title elementor-size-default\">Wer wagt es?<\/h2>\t\t\t\t<\/div>\n\t\t\t\t<\/div>\n\t\t\t\t<div class=\"elementor-element elementor-element-5968391 elementor-widget elementor-widget-text-editor\" data-id=\"5968391\" data-element_type=\"widget\" data-e-type=\"widget\" data-widget_type=\"text-editor.default\">\n\t\t\t\t<div class=\"elementor-widget-container\">\n\t\t\t\t\t\t\t\t\t<p>Bei den derzeitigen Strompreisen l\u00e4sst sich mit einer gro\u00df angelegten PV-Anlage auf einem Dach oder einem Feld kurzfristig viel Geld verdienen. Van de Werken betont jedoch, dass dies keine Grundlage f\u00fcr eine gro\u00dfe Investition ist, die sich \u00fcber einen Zeitraum von 30 Jahren auszahlen soll.<\/p><p>Van de Werken: \"Niemand wei\u00df, wie sich die Strompreise in Zukunft entwickeln werden. Es gibt wunderbare dicke Berichte, die von Experten dar\u00fcber geschrieben werden; der Konsens scheint zu sein, dass es nicht so bleiben wird, dass der Preis wieder sinken wird. Aber niemand wei\u00df, wann und um wie viel. Mit dem Ausbau der PV-Erzeugungskapazit\u00e4ten wird es h\u00e4ufiger Phasen mit niedrigen Strompreisen geben. Ich habe noch keine Parteien gesehen, die Stromabnahmevertr\u00e4ge mit einer Laufzeit von 15 Jahren zu 25 bis 30 Prozent h\u00f6heren Preisen als vor zwei Jahren unterzeichnet haben, obwohl dies das Minimum w\u00e4re, um Projekte am Leben zu erhalten. Daher halten sich immer mehr Investoren zur\u00fcck. Dar\u00fcber hinaus zeichnet sich ein zweiter Effekt ab. Die Projektentwickler achten mehr und mehr auf den Mehrwert, wie z. B. die Erh\u00f6hung der biologischen Vielfalt und die Beteiligung der Umwelt. Wenn die Gewinnspannen kleiner und die Risiken gr\u00f6\u00dfer werden, ist es nicht verwunderlich, wenn diese Dinge in Frage gestellt werden, selbst wenn die Ausschreibungen daf\u00fcr bereits gewonnen wurden\".<\/p>\t\t\t\t\t\t\t\t<\/div>\n\t\t\t\t<\/div>\n\t\t\t\t<div class=\"elementor-element elementor-element-ac03526 elementor-widget elementor-widget-heading\" data-id=\"ac03526\" data-element_type=\"widget\" data-e-type=\"widget\" data-widget_type=\"heading.default\">\n\t\t\t\t<div class=\"elementor-widget-container\">\n\t\t\t\t\t<h2 class=\"elementor-heading-title elementor-size-default\">Schnelles Rechnen<\/h2>\t\t\t\t<\/div>\n\t\t\t\t<\/div>\n\t\t\t\t<div class=\"elementor-element elementor-element-76328fb elementor-widget elementor-widget-text-editor\" data-id=\"76328fb\" data-element_type=\"widget\" data-e-type=\"widget\" data-widget_type=\"text-editor.default\">\n\t\t\t\t<div class=\"elementor-widget-container\">\n\t\t\t\t\t\t\t\t\t<p class=\"news-intro\">Als zus\u00e4tzliche Erschwernis bezeichnet van de Werken die Forderung nach einem 50-prozentigen Netzanschluss in der SDE++ 2022. Die Grundbetr\u00e4ge seien erh\u00f6ht worden, um den Wegfall der Kappung zu kompensieren; er zweifelt nicht an dem Modell, das die Experten der RVO dabei verwendet haben. Eine schnelle Rechnung zeigt jedoch, dass auch hier die Sp\u00fclung in Bezug auf Kosten und Nutzen d\u00fcnn ist. Nehmen wir an, Sie bringen doppelt so viele Wattpeak-Solarmodule auf einem Flachdach an, das in Ost-West-Richtung in einem Winkel von 10 Grad ausgerichtet ist. Dann kommt man laut Van de Werken grob auf einen Abschneideverlust von 6 Prozent. Man spart sich den Netzanschluss. Im Prinzip sollte das in Bezug auf die Rentabilit\u00e4t ausreichen.<\/p>\t\t\t\t\t\t\t\t<\/div>\n\t\t\t\t<\/div>\n\t\t\t\t<div class=\"elementor-element elementor-element-813cc9c elementor-widget elementor-widget-heading\" data-id=\"813cc9c\" data-element_type=\"widget\" data-e-type=\"widget\" data-widget_type=\"heading.default\">\n\t\t\t\t<div class=\"elementor-widget-container\">\n\t\t\t\t\t<h2 class=\"elementor-heading-title elementor-size-default\">Komplikationen<\/h2>\t\t\t\t<\/div>\n\t\t\t\t<\/div>\n\t\t\t\t<div class=\"elementor-element elementor-element-26feb03 elementor-widget elementor-widget-text-editor\" data-id=\"26feb03\" data-element_type=\"widget\" data-e-type=\"widget\" data-widget_type=\"text-editor.default\">\n\t\t\t\t<div class=\"elementor-widget-container\">\n\t\t\t\t\t\t\t\t\t<p class=\"news-intro\">Wenn man dies in einer nach S\u00fcden ausgerichteten Anordnung auf einem 12-Grad-Dach mit einem durchschnittlichen Reihenabstand tut\", rechnet Van de Werken vor, \"kommt man schnell auf einen Schnittverlust von 9 Prozent. In diesem Fall handelt es sich um eine echte Herausforderung. Man kann ein solches System nicht \u00fcberall anbringen. Man muss nach Orten suchen, an denen man zum Beispiel den Eigenverbrauch in die Gr\u00f6\u00dfe des Netzanschlusses einbeziehen kann. Es k\u00f6nnte auch ein Grund sein, Batteriespeicher zu verwenden, obwohl das wiederum seine eigenen Komplikationen mit sich bringt. Unter dem Gesichtspunkt der Verkehrs\u00fcberlastung ist die neue Anforderung in der SDE++ nat\u00fcrlich logisch. Aber bedenken Sie auch, dass die Entwickler schon jetzt PV-Anlagen kappen, weil die Netzkapazit\u00e4ten nicht ausreichen und sie immer eine maximale Rendite f\u00fcr ihre Investitionen anstreben. \u00dcbrigens sehe ich in der SDE++ noch eine zweite neue und aktuelle Anforderung, die durchaus einen gro\u00dfen Einfluss auf die Einreichung und Vergabe von Projekten haben kann: das vorgeschriebene Dachaufma\u00df. Das richtig zu machen, kostet nicht nur viel Geld, sondern auch viel Zeit. Die Anmeldefrist f\u00fcr die n\u00e4chste Runde endet bereits in einem Monat...'<\/p>\t\t\t\t\t\t\t\t<\/div>\n\t\t\t\t<\/div>\n\t\t\t\t<div class=\"elementor-element elementor-element-bdef299 elementor-widget elementor-widget-text-editor\" data-id=\"bdef299\" data-element_type=\"widget\" data-e-type=\"widget\" data-widget_type=\"text-editor.default\">\n\t\t\t\t<div class=\"elementor-widget-container\">\n\t\t\t\t\t\t\t\t\t<p class=\"news-intro\">Quelle: <a href=\"https:\/\/solarmagazine.nl\/nieuws-zonne-energie\/i27377\/50-procent-netaansluiting-verplicht-in-sde-nog-een-complicatie-erbij-voor-de-businesscase\" target=\"_blank\" rel=\"noopener\">SolarMagazin<\/a><\/p>\t\t\t\t\t\t\t\t<\/div>\n\t\t\t\t<\/div>\n\t\t\t\t\t<\/div>\n\t\t<\/div>\n\t\t\t\t\t<\/div>\n\t\t<\/section>\n\t\t\t\t<\/div>","protected":false},"excerpt":{"rendered":"<p>Die Fortf\u00fchrung von immer mehr SDE++-Projekten steht aufgrund der gestiegenen Kosten unter gro\u00dfem Druck\", sagt Cees van de Werken von ProfiNRG. Die Anforderung eines 50-prozentigen Netzanschlusses bedeutet eine zus\u00e4tzliche Herausforderung.<\/p>","protected":false},"author":9,"featured_media":26983,"comment_status":"open","ping_status":"open","sticky":false,"template":"","format":"standard","meta":{"footnotes":""},"categories":[18],"tags":[],"class_list":["post-27204","post","type-post","status-publish","format-standard","has-post-thumbnail","hentry","category-nieuws"],"_links":{"self":[{"href":"https:\/\/profinrg.nl\/de\/wp-json\/wp\/v2\/posts\/27204","targetHints":{"allow":["GET"]}}],"collection":[{"href":"https:\/\/profinrg.nl\/de\/wp-json\/wp\/v2\/posts"}],"about":[{"href":"https:\/\/profinrg.nl\/de\/wp-json\/wp\/v2\/types\/post"}],"author":[{"embeddable":true,"href":"https:\/\/profinrg.nl\/de\/wp-json\/wp\/v2\/users\/9"}],"replies":[{"embeddable":true,"href":"https:\/\/profinrg.nl\/de\/wp-json\/wp\/v2\/comments?post=27204"}],"version-history":[{"count":0,"href":"https:\/\/profinrg.nl\/de\/wp-json\/wp\/v2\/posts\/27204\/revisions"}],"wp:featuredmedia":[{"embeddable":true,"href":"https:\/\/profinrg.nl\/de\/wp-json\/wp\/v2\/media\/26983"}],"wp:attachment":[{"href":"https:\/\/profinrg.nl\/de\/wp-json\/wp\/v2\/media?parent=27204"}],"wp:term":[{"taxonomy":"category","embeddable":true,"href":"https:\/\/profinrg.nl\/de\/wp-json\/wp\/v2\/categories?post=27204"},{"taxonomy":"post_tag","embeddable":true,"href":"https:\/\/profinrg.nl\/de\/wp-json\/wp\/v2\/tags?post=27204"}],"curies":[{"name":"wp","href":"https:\/\/api.w.org\/{rel}","templated":true}]}}