{"id":32716,"date":"2023-07-31T15:15:49","date_gmt":"2023-07-31T15:15:49","guid":{"rendered":"http:\/\/profinrg.nl\/?p=32716"},"modified":"2023-07-31T15:24:55","modified_gmt":"2023-07-31T15:24:55","slug":"mitbegrunder-und-technischer-direktor-bert-van-woudenberg-verabschiedet-sich-von-profinrg","status":"publish","type":"post","link":"https:\/\/profinrg.nl\/de\/medeoprichter-en-technisch-directeur-bert-van-woudenberg-neemt-afscheid-van-profinrg\/","title":{"rendered":"Mitbegr\u00fcnder und technischer Leiter Bert van Woudenberg verabschiedet sich von ProfiNRG"},"content":{"rendered":"<figure class=\"wp-block-image size-large\"><img fetchpriority=\"high\" decoding=\"async\" width=\"1024\" height=\"576\" src=\"http:\/\/profinrg.nl\/wp-content\/uploads\/2023\/07\/Afscheid-Bert-1-1024x576.jpeg\" alt=\"\" class=\"wp-image-32725\" title=\"\" srcset=\"https:\/\/profinrg.nl\/wp-content\/uploads\/2023\/07\/Afscheid-Bert-1-1024x576.jpeg 1024w, https:\/\/profinrg.nl\/wp-content\/uploads\/2023\/07\/Afscheid-Bert-1-300x169.jpeg 300w, https:\/\/profinrg.nl\/wp-content\/uploads\/2023\/07\/Afscheid-Bert-1-768x432.jpeg 768w, https:\/\/profinrg.nl\/wp-content\/uploads\/2023\/07\/Afscheid-Bert-1.jpeg 1275w\" sizes=\"(max-width: 1024px) 100vw, 1024px\" \/><figcaption><\/figcaption><\/figure>\n\n\n\n<h2 class=\"wp-block-heading\">Mitbegr\u00fcnder und technischer Leiter Bert van Woudenberg verabschiedet sich von ProfiNRG<\/h2>\n\n\n\n<p>Der in Utrecht ans\u00e4ssige Installateur von Solarparks und Solard\u00e4chern verabschiedet sich nach 11 Jahren von seinem technischen Leiter und Mitbegr\u00fcnder Bert van Woudenberg. Van Woudenberg wird seinen wohlverdienten Ruhestand genie\u00dfen. Aufgrund der bevorstehenden Urlaubszeit haben sich die Mitarbeiter bereits Anfang Juli mit einem festlichen Grillfest von ihm verabschiedet. &nbsp;<\/p>\n\n\n\n<p>Viele Mitarbeiter, Kunden und Lieferanten haben viele Jahre lang mit Van Woudenberg zusammengearbeitet. Bert wurde sehr gesch\u00e4tzt f\u00fcr sein gro\u00dfes praktisches und technisches Wissen, das er gerne mit Mitarbeitern und Kunden teilte.&nbsp;<\/p>\n\n\n\n<p>Seit der Gr\u00fcndung von ProfiNRG im Jahr 2012 wurden zahlreiche prominente Projekte installiert und die Organisation erlebte ein st\u00fcrmisches Wachstum. In den letzten Jahren hat sich ProfiNRG zunehmend auf den Bau gr\u00f6\u00dferer Solarparks, Solard\u00e4cher und Energiespeichersysteme konzentriert. &nbsp;<\/p>\n\n\n\n<p>Van Woudenberg ist bekannt f\u00fcr seinen Optimismus, sein Engagement und seine geradlinige Mentalit\u00e4t. Van Woudenbergs au\u00dferordentlicher Beitrag zu ProfiNRG wurde daher in der Abschiedsrede seines Kollegen und Mitbegr\u00fcnders Cees van de Werken ausdr\u00fccklich erw\u00e4hnt. Im Namen der Mitarbeiter und der Gesch\u00e4ftsf\u00fchrung dankte er Van Woudenberg f\u00fcr die gemeinsamen Jahre, in denen sie ProfiNRG aufgebaut haben.&nbsp;<\/p>\n\n\n\n<p>Die Rolle von Bert van Woudenberg wird von Martijn Feteris \u00fcbernommen, der als technischer Direktor zusammen mit den Gesellschaftern Ren\u00e9 Hanssen, Cees van de Werken und den anderen Mitgliedern des Managementteams die Organisation weiter professionalisieren und ausbauen wird. &nbsp;<\/p>\n\n\n\n<p><strong>ZUKUNFT&nbsp;<\/strong><\/p>\n\n\n\n<p>Die Pfeile von ProfiNRG werden sich in den kommenden Jahren auf Internationalisierung, Skalierung und weitere Professionalisierung konzentrieren. ProfiNRG hat den Ruf, innovativ zu sein. Dies wird das Unternehmen auch weiterhin auszeichnen, wobei der Firmenslogan \"Professional in Solar Energy\" ganz oben auf der Agenda steht.&nbsp;<\/p>\n\n\n\n<p><\/p>\n\n\n\n<figure class=\"wp-block-image size-large\"><img decoding=\"async\" width=\"1024\" height=\"576\" src=\"http:\/\/profinrg.nl\/wp-content\/uploads\/2023\/07\/WhatsApp-Image-2023-07-06-at-21.46.40-1-1024x576.jpeg\" alt=\"\" class=\"wp-image-32720\" title=\"\" srcset=\"https:\/\/profinrg.nl\/wp-content\/uploads\/2023\/07\/WhatsApp-Image-2023-07-06-at-21.46.40-1-1024x576.jpeg 1024w, https:\/\/profinrg.nl\/wp-content\/uploads\/2023\/07\/WhatsApp-Image-2023-07-06-at-21.46.40-1-300x169.jpeg 300w, https:\/\/profinrg.nl\/wp-content\/uploads\/2023\/07\/WhatsApp-Image-2023-07-06-at-21.46.40-1-768x432.jpeg 768w, https:\/\/profinrg.nl\/wp-content\/uploads\/2023\/07\/WhatsApp-Image-2023-07-06-at-21.46.40-1.jpeg 1275w\" sizes=\"(max-width: 1024px) 100vw, 1024px\" \/><figcaption><\/figcaption><\/figure>\n\n\n\n<figure class=\"wp-block-image size-large\"><img decoding=\"async\" width=\"1024\" height=\"576\" src=\"http:\/\/profinrg.nl\/wp-content\/uploads\/2023\/07\/WhatsApp-Image-2023-07-06-at-21.46.40-3-1024x576.jpeg\" alt=\"\" class=\"wp-image-32721\" title=\"\" srcset=\"https:\/\/profinrg.nl\/wp-content\/uploads\/2023\/07\/WhatsApp-Image-2023-07-06-at-21.46.40-3-1024x576.jpeg 1024w, https:\/\/profinrg.nl\/wp-content\/uploads\/2023\/07\/WhatsApp-Image-2023-07-06-at-21.46.40-3-300x169.jpeg 300w, https:\/\/profinrg.nl\/wp-content\/uploads\/2023\/07\/WhatsApp-Image-2023-07-06-at-21.46.40-3-768x432.jpeg 768w, https:\/\/profinrg.nl\/wp-content\/uploads\/2023\/07\/WhatsApp-Image-2023-07-06-at-21.46.40-3.jpeg 1275w\" sizes=\"(max-width: 1024px) 100vw, 1024px\" \/><figcaption><\/figcaption><\/figure>\n\n\n\n<figure class=\"wp-block-image size-large\"><img loading=\"lazy\" decoding=\"async\" width=\"1024\" height=\"576\" src=\"http:\/\/profinrg.nl\/wp-content\/uploads\/2023\/07\/WhatsApp-Image-2023-07-06-at-21.46.46-2-1024x576.jpeg\" alt=\"\" class=\"wp-image-32722\" title=\"\" srcset=\"https:\/\/profinrg.nl\/wp-content\/uploads\/2023\/07\/WhatsApp-Image-2023-07-06-at-21.46.46-2-1024x576.jpeg 1024w, https:\/\/profinrg.nl\/wp-content\/uploads\/2023\/07\/WhatsApp-Image-2023-07-06-at-21.46.46-2-300x169.jpeg 300w, https:\/\/profinrg.nl\/wp-content\/uploads\/2023\/07\/WhatsApp-Image-2023-07-06-at-21.46.46-2-768x432.jpeg 768w, https:\/\/profinrg.nl\/wp-content\/uploads\/2023\/07\/WhatsApp-Image-2023-07-06-at-21.46.46-2.jpeg 1275w\" sizes=\"(max-width: 1024px) 100vw, 1024px\" \/><figcaption><\/figcaption><\/figure>","protected":false},"excerpt":{"rendered":"<p>Medeoprichter en technisch directeur Bert van Woudenberg neemt afscheid van ProfiNRG De Utrechtse installateur van zonneparken en zonnedaken neemt na 11 jaar afscheid van haar technisch directeur en medeoprichter Bert van Woudenberg. Van Woudenberg gaat genieten van een welverdiend pensioen.&nbsp;Het personeel nam, vanwege de naderende vakantieperiode, begin juli al afscheid van hem tijdens een feestelijke [&hellip;]<\/p>\n","protected":false},"author":3,"featured_media":32717,"comment_status":"open","ping_status":"open","sticky":false,"template":"","format":"standard","meta":{"footnotes":""},"categories":[18],"tags":[157,158,156,159],"class_list":["post-32716","post","type-post","status-publish","format-standard","has-post-thumbnail","hentry","category-nieuws","tag-afscheid","tag-bert-van-woudenberg","tag-pensioen","tag-profinrg"],"_links":{"self":[{"href":"https:\/\/profinrg.nl\/de\/wp-json\/wp\/v2\/posts\/32716","targetHints":{"allow":["GET"]}}],"collection":[{"href":"https:\/\/profinrg.nl\/de\/wp-json\/wp\/v2\/posts"}],"about":[{"href":"https:\/\/profinrg.nl\/de\/wp-json\/wp\/v2\/types\/post"}],"author":[{"embeddable":true,"href":"https:\/\/profinrg.nl\/de\/wp-json\/wp\/v2\/users\/3"}],"replies":[{"embeddable":true,"href":"https:\/\/profinrg.nl\/de\/wp-json\/wp\/v2\/comments?post=32716"}],"version-history":[{"count":0,"href":"https:\/\/profinrg.nl\/de\/wp-json\/wp\/v2\/posts\/32716\/revisions"}],"wp:featuredmedia":[{"embeddable":true,"href":"https:\/\/profinrg.nl\/de\/wp-json\/wp\/v2\/media\/32717"}],"wp:attachment":[{"href":"https:\/\/profinrg.nl\/de\/wp-json\/wp\/v2\/media?parent=32716"}],"wp:term":[{"taxonomy":"category","embeddable":true,"href":"https:\/\/profinrg.nl\/de\/wp-json\/wp\/v2\/categories?post=32716"},{"taxonomy":"post_tag","embeddable":true,"href":"https:\/\/profinrg.nl\/de\/wp-json\/wp\/v2\/tags?post=32716"}],"curies":[{"name":"wp","href":"https:\/\/api.w.org\/{rel}","templated":true}]}}