{"id":41252,"date":"2024-11-11T15:34:12","date_gmt":"2024-11-11T15:34:12","guid":{"rendered":"https:\/\/profinrg.nl\/?p=41252"},"modified":"2024-11-12T08:58:05","modified_gmt":"2024-11-12T08:58:05","slug":"start-der-nationalen-klimawoche-2024","status":"publish","type":"post","link":"https:\/\/profinrg.nl\/de\/start-van-de-nationale-klimaatweek-2024\/","title":{"rendered":"Start der Nationalen Klimawoche 2024!"},"content":{"rendered":"<h2 class=\"wp-block-heading\">Start der Nationalen Klimawoche 2024!<\/h2>\n\n\n\n<p>Heute ist der offizielle Start der Nationalen Klimawoche 2024! \ud83c\udf89&nbsp;<\/p>\n\n\n\n<div class=\"wp-block-media-text is-stacked-on-mobile\"><figure class=\"wp-block-media-text__media\"><img fetchpriority=\"high\" decoding=\"async\" width=\"300\" height=\"217\" src=\"https:\/\/profinrg.nl\/wp-content\/uploads\/2024\/11\/nkw-300x217.jpg\" alt=\"\" class=\"wp-image-41254 size-full\" title=\"\" srcset=\"https:\/\/profinrg.nl\/wp-content\/uploads\/2024\/11\/nkw-300x217.jpg 300w, https:\/\/profinrg.nl\/wp-content\/uploads\/2024\/11\/nkw-1024x740.jpg 1024w, https:\/\/profinrg.nl\/wp-content\/uploads\/2024\/11\/nkw-768x555.jpg 768w, https:\/\/profinrg.nl\/wp-content\/uploads\/2024\/11\/nkw-1536x1111.jpg 1536w, https:\/\/profinrg.nl\/wp-content\/uploads\/2024\/11\/nkw-2048x1481.jpg 2048w, https:\/\/profinrg.nl\/wp-content\/uploads\/2024\/11\/nkw-18x12.jpg 18w\" sizes=\"(max-width: 300px) 100vw, 300px\" \/><\/figure><div class=\"wp-block-media-text__content\">\n<p><\/p>\n<\/div><\/div>\n\n\n\n<p><br><br>Am vergangenen Freitag wurde die Nationale Klimawoche mit dem Minister f\u00fcr Klima und gr\u00fcnes Wachstum in Breda im Rahmen des digitalen Kick-offs er\u00f6ffnet. Siehe&nbsp;<a href=\"https:\/\/nkw2024.nl\/livestream?utm_source=Nationale+Klimaatweek+-+Klimaatsupporters&amp;utm_campaign=c041bad391-EMAIL_CAMPAIGN_2024_11_11_12_36&amp;utm_medium=email&amp;utm_term=0_-c041bad391-91800316\" target=\"_blank\" rel=\"noopener\">hier.<\/a> die Episode zur\u00fcck.<\/p>\n\n\n\n<p>Auch einen Beitrag zu einem saubereren Klima leisten? Dann erw\u00e4gen Sie die Installation von Sonnenkollektoren auf dem Dach Ihres Unternehmens oder auf Ihrem Grundst\u00fcck. Besitzen Sie bereits Solarzellen? Dann schauen Sie sich die M\u00f6glichkeiten von <a href=\"https:\/\/profinrg.nl\/de\/losungen\/energiespeicherung\/\">Energiespeicherung<\/a>. ProfiNRG hilft Ihnen gerne, Ihr Unternehmen nachhaltiger zu gestalten. Nehmen Sie <a href=\"\/de\/kontakt\/\">Kontakt<\/a> f\u00fcr eine ma\u00dfgeschneiderte und unverbindliche Beratung.<\/p>\n\n\n\n<p><\/p>","protected":false},"excerpt":{"rendered":"<p>Start van de Nationale Klimaatweek 2024! Vandaag is het zover: de Nationale Klimaatweek 2024 is officieel begonnen!&nbsp;\ud83c\udf89&nbsp; Afgelopen vrijdag hebben is de Nationale Klimaatweek met de minister van Klimaat en Groene Groei afgetrapt in Breda tijdens de digitale aftrap. Kijk&nbsp;hier de aflevering terug. Ook een bijdrage leveren aan een schoner klimaat? Denk dan eens na [&hellip;]<\/p>\n","protected":false},"author":9,"featured_media":41254,"comment_status":"closed","ping_status":"closed","sticky":false,"template":"","format":"standard","meta":{"footnotes":""},"categories":[18],"tags":[],"class_list":["post-41252","post","type-post","status-publish","format-standard","has-post-thumbnail","hentry","category-nieuws"],"_links":{"self":[{"href":"https:\/\/profinrg.nl\/de\/wp-json\/wp\/v2\/posts\/41252","targetHints":{"allow":["GET"]}}],"collection":[{"href":"https:\/\/profinrg.nl\/de\/wp-json\/wp\/v2\/posts"}],"about":[{"href":"https:\/\/profinrg.nl\/de\/wp-json\/wp\/v2\/types\/post"}],"author":[{"embeddable":true,"href":"https:\/\/profinrg.nl\/de\/wp-json\/wp\/v2\/users\/9"}],"replies":[{"embeddable":true,"href":"https:\/\/profinrg.nl\/de\/wp-json\/wp\/v2\/comments?post=41252"}],"version-history":[{"count":0,"href":"https:\/\/profinrg.nl\/de\/wp-json\/wp\/v2\/posts\/41252\/revisions"}],"wp:featuredmedia":[{"embeddable":true,"href":"https:\/\/profinrg.nl\/de\/wp-json\/wp\/v2\/media\/41254"}],"wp:attachment":[{"href":"https:\/\/profinrg.nl\/de\/wp-json\/wp\/v2\/media?parent=41252"}],"wp:term":[{"taxonomy":"category","embeddable":true,"href":"https:\/\/profinrg.nl\/de\/wp-json\/wp\/v2\/categories?post=41252"},{"taxonomy":"post_tag","embeddable":true,"href":"https:\/\/profinrg.nl\/de\/wp-json\/wp\/v2\/tags?post=41252"}],"curies":[{"name":"wp","href":"https:\/\/api.w.org\/{rel}","templated":true}]}}