{"id":41939,"date":"2025-03-04T10:01:19","date_gmt":"2025-03-04T10:01:19","guid":{"rendered":"https:\/\/profinrg.nl\/?p=41939"},"modified":"2025-11-18T13:22:38","modified_gmt":"2025-11-18T13:22:38","slug":"negative-strompreise-ursachen-folgen-und-empfehlungen","status":"publish","type":"post","link":"https:\/\/profinrg.nl\/de\/negative-strompreise-ursachen-folgen-und-empfehlungen\/","title":{"rendered":"Negative Strompreise: Ursachen, Folgen und Empfehlungen"},"content":{"rendered":"<div data-elementor-type=\"wp-post\" data-elementor-id=\"41939\" class=\"elementor elementor-41939\" data-elementor-post-type=\"post\">\n\t\t\t\t\t\t<section class=\"elementor-section elementor-top-section elementor-element elementor-element-b6677e9 elementor-section-boxed elementor-section-height-default elementor-section-height-default\" data-id=\"b6677e9\" data-element_type=\"section\" data-e-type=\"section\">\n\t\t\t\t\t\t<div class=\"elementor-container elementor-column-gap-default\">\n\t\t\t\t\t<div class=\"elementor-column elementor-col-100 elementor-top-column elementor-element elementor-element-555518c\" data-id=\"555518c\" data-element_type=\"column\" data-e-type=\"column\">\n\t\t\t<div class=\"elementor-widget-wrap elementor-element-populated\">\n\t\t\t\t\t\t<div class=\"elementor-element elementor-element-021f0d2 elementor-widget elementor-widget-heading\" data-id=\"021f0d2\" data-element_type=\"widget\" data-e-type=\"widget\" data-widget_type=\"heading.default\">\n\t\t\t\t<div class=\"elementor-widget-container\">\n\t\t\t\t\t<h2 class=\"elementor-heading-title elementor-size-default\">Negative Strompreise: Ursachen, Folgen und Empfehlungen<\/h2>\t\t\t\t<\/div>\n\t\t\t\t<\/div>\n\t\t\t\t<div class=\"elementor-element elementor-element-fde1d0b elementor-widget elementor-widget-text-editor\" data-id=\"fde1d0b\" data-element_type=\"widget\" data-e-type=\"widget\" data-widget_type=\"text-editor.default\">\n\t\t\t\t<div class=\"elementor-widget-container\">\n\t\t\t\t\t\t\t\t\t<p><b><strong>Negative Strompreise entstehen, wenn das Angebot die Nachfrage \u00fcbersteigt. Mit dem steigenden Ausbau erneuerbarer Energien wird dieses Thema insbesondere f\u00fcr Betreiber von Photovoltaikanlagen relevant, wenn die Anlagen in Phasen negativer Strompreise vom Netz genommen werden. In Deutschland gibt es in diesen Zeiten keine Einspeiseverg\u00fctung mehr. Au\u00dferdem wird der Abrechnungszeitraum von st\u00fcndlich auf viertelst\u00fcndlich umgestellt.<\/strong><\/b><\/p><p><a href=\"http:\/\/profinrg.nl\/wp-content\/uploads\/2024\/03\/Zonnepark-Aadijk-45-scaled.jpg\"><img fetchpriority=\"high\" decoding=\"async\" class=\"aligncenter wp-image-37779 size-large\" src=\"http:\/\/profinrg.nl\/wp-content\/uploads\/2024\/03\/Zonnepark-Aadijk-45-1024x576.jpg\" alt=\"agri pv\" width=\"800\" height=\"450\" title=\"\" srcset=\"https:\/\/profinrg.nl\/wp-content\/uploads\/2024\/03\/Zonnepark-Aadijk-45-1024x576.jpg 1024w, https:\/\/profinrg.nl\/wp-content\/uploads\/2024\/03\/Zonnepark-Aadijk-45-300x169.jpg 300w, https:\/\/profinrg.nl\/wp-content\/uploads\/2024\/03\/Zonnepark-Aadijk-45-768x432.jpg 768w, https:\/\/profinrg.nl\/wp-content\/uploads\/2024\/03\/Zonnepark-Aadijk-45-1536x864.jpg 1536w, https:\/\/profinrg.nl\/wp-content\/uploads\/2024\/03\/Zonnepark-Aadijk-45-2048x1152.jpg 2048w, https:\/\/profinrg.nl\/wp-content\/uploads\/2024\/03\/Zonnepark-Aadijk-45-18x10.jpg 18w\" sizes=\"(max-width: 800px) 100vw, 800px\" \/><\/a><\/p><p>Negative Strompreise bedeuten, dass Stromanbieter f\u00fcr die Abnahme ihres Stroms zahlen m\u00fcssen. Das passiert, wenn die Nachfrage gering, das Angebot aber gro\u00df ist und das Netz keinen Strom aufnehmen kann. Dieses Ph\u00e4nomen tritt z. B. auf, wenn bei starkem Wind und Sonnenschein Strom im \u00dcberfluss produziert wird, jedoch keine ausreichenden Speicherkapazit\u00e4ten oder Exportm\u00f6glichkeiten vorhanden sind. In solchen F\u00e4llen werden z.B. gro\u00dfe Photovoltaikanlagen abgeregelt oder ganz vom Netz genommen, weil diese ansonsten f\u00fcr die Abnahme ihres Stroms bezahlen m\u00fcssten und den Strompreis mit ihrem Angebot noch weiter in den negativen Bereich verschieben w\u00fcrden.<\/p><p><strong>Negative Strompreise meist in den Mittagsstunden und von April bis September<\/strong><\/p><p>Negative Strompreise folgen bestimmten Mustern. Im Tagesverlauf treten sie im deutschen Netz h\u00e4ufig zwischen 10:00 und 17:00 Uhr auf, mit einem H\u00f6chstwert zwischen 12:00 und 15:00 Uhr. (Grafik 1)<\/p><p><a href=\"http:\/\/profinrg.nl\/wp-content\/uploads\/2025\/03\/negativen-Strompreise.png\"><img decoding=\"async\" class=\"aligncenter wp-image-41941 size-full\" src=\"http:\/\/profinrg.nl\/wp-content\/uploads\/2025\/03\/negativen-Strompreise.png\" alt=\"negative Strompreise\" width=\"383\" height=\"215\" title=\"\" srcset=\"https:\/\/profinrg.nl\/wp-content\/uploads\/2025\/03\/negativen-Strompreise.png 383w, https:\/\/profinrg.nl\/wp-content\/uploads\/2025\/03\/negativen-Strompreise-300x168.png 300w, https:\/\/profinrg.nl\/wp-content\/uploads\/2025\/03\/negativen-Strompreise-18x10.png 18w\" sizes=\"(max-width: 383px) 100vw, 383px\" \/><\/a><\/p><p>Im Jahresverlauf finden sich die meisten Stunden mit negativen Strompreisen in den Monaten April bis September. Sowohl die Verteilung nach Stunden im Tagesverlauf als auch die Verteilung nach Monaten zeigen einen eindeutigen meteorologischen Zusammenhang: mittags ist die Sonneneinstrahlung am intensivsten und von April bis September sind die sonnigsten Monate im Jahr. (Grafik 2).<\/p><p><a href=\"http:\/\/profinrg.nl\/wp-content\/uploads\/2025\/03\/Stunden-mit-negativen-Strompreise.png\"><img decoding=\"async\" class=\"aligncenter wp-image-41942 size-full\" src=\"http:\/\/profinrg.nl\/wp-content\/uploads\/2025\/03\/Stunden-mit-negativen-Strompreise.png\" alt=\"Stunden mit negativen Strompreisen\" width=\"474\" height=\"266\" title=\"\" srcset=\"https:\/\/profinrg.nl\/wp-content\/uploads\/2025\/03\/Stunden-mit-negativen-Strompreise.png 474w, https:\/\/profinrg.nl\/wp-content\/uploads\/2025\/03\/Stunden-mit-negativen-Strompreise-300x168.png 300w, https:\/\/profinrg.nl\/wp-content\/uploads\/2025\/03\/Stunden-mit-negativen-Strompreise-18x10.png 18w\" sizes=\"(max-width: 474px) 100vw, 474px\" \/><\/a><\/p><p>Betrachtet man die Verteilung negativer Strompreise auf die Wochentage, so sind vor allem Samstage und Sonntage betroffen, weil dann weniger gearbeitet wird und gro\u00dfe Verbraucher keine Energie ben\u00f6tigen. Netze sind dann schneller \u00fcberlastet und Photovoltaikanlagen werden \u00f6fter abgeschaltet. (Grafik 3).<\/p><p><a href=\"http:\/\/profinrg.nl\/wp-content\/uploads\/2025\/03\/negativen-Strompreise-nach-wochtentag.png\"><img loading=\"lazy\" decoding=\"async\" class=\"aligncenter wp-image-41943\" src=\"http:\/\/profinrg.nl\/wp-content\/uploads\/2025\/03\/negativen-Strompreise-nach-wochtentag-300x199.png\" alt=\"negative strompreise nach wochentag\" width=\"450\" height=\"299\" title=\"\" srcset=\"https:\/\/profinrg.nl\/wp-content\/uploads\/2025\/03\/negativen-Strompreise-nach-wochtentag-300x199.png 300w, https:\/\/profinrg.nl\/wp-content\/uploads\/2025\/03\/negativen-Strompreise-nach-wochtentag-18x12.png 18w, https:\/\/profinrg.nl\/wp-content\/uploads\/2025\/03\/negativen-Strompreise-nach-wochtentag.png 730w\" sizes=\"(max-width: 450px) 100vw, 450px\" \/><\/a><\/p><p><strong>\u00a0<\/strong><\/p><p><b>Gesetzes\u00e4nderung beendet Einspeiseverg\u00fctung in Zeiten negativer Strompreise<\/b><\/p><p>Um den Herausforderungen negativer Strompreise zu begegnen, hat der Deutsche Bundestag am 31. Januar ein neues Gesetz verabschiedet, das am 14. Februar vom Bundesrat genehmigt wurde. Unter anderem werden im Erneuerbare-Energien-Gesetz (EEG) die Regelungen zur Verg\u00fctung von EE-Anlagen in Zeiten negativer Strompreise angepasst:<\/p><ul><li>Der Anspruch auf Verg\u00fctung bei negativen Preisen f\u00fcr Neuanlagen soll grunds\u00e4tzlich entfallen. Um die Strommengen zu bestimmen, bei denen die Verg\u00fctung entf\u00e4llt, ist die Ausstattung mit einem intelligenten Messsystem verbindlich.<\/li><li>Mit der Umstellung des offiziellen Spotmarktpreises auf Viertelstundenwerte, wird die Verg\u00fctung auch bereits ab der ersten Viertelstunde mit negativen Preisen entfallen.<\/li><li>Netzbetreiber m\u00fcssen bei Neuanlagen im Fall einer Abregelung in Zukunft keine entgangene Verg\u00fctung entsch\u00e4digen. Anlagenbetreiber k\u00f6nnen in Zeiten mit negativen Strompreisen Preisen den Strom dann selbst verbrauchen oder in einem Speicher zwischenlagern.<\/li><li>Entfallene F\u00f6rderzeiten werden bisher an den 20-j\u00e4hrigen Verg\u00fctungszeitraum angeh\u00e4ngt. Das ist auch in Zukunft so und garantiert die Investitionssicherheit. Es wird allerdings eine neue Formel f\u00fcr das Anh\u00e4ngen bei PV eingef\u00fchrt, die den jahreszeitlichen Unterschied in der Strom-Produktion bei der Photovoltaik besser Rechnung tragen soll als bisher.<\/li><\/ul><p><b><br \/>Gegenmittel: Stromspeicher und vertikale Agri PV<\/b><\/p><p>Negative Strompreise stellen f\u00fcr Betreiber von Photovoltaikanlagen eine wirtschaftliche Herausforderung dar, da ihre Anlagen in diesen Zeiten h\u00e4ufig abgeregelt werden. Durch gezielte Planung lassen sich jedoch effektive Gegenma\u00dfnahmen ergreifen:<\/p><p>Integrierte Stromspeicher k\u00f6nnen \u00fcbersch\u00fcssigen Strom speichern und dann einspeisen, wenn die Nachfrage wieder gestiegen ist.<\/p><p>Angepasste PV-Bauweise: Eine Alternative zur klassischen S\u00fcdausrichtung von PV-Anlagen ist die vertikale Agri-PV. Diese erzeugt Spitzenleistungen morgens um ca. 08:00 Uhr und nachmittags gegen 18:00 Uhr, w\u00e4hrend sie zwischen 11:00 und 14:00 Uhr \u2013 den Zeiten negativer Strompreise \u2013 weniger Leistung liefert. Dadurch verringert sich die Abh\u00e4ngigkeit von ung\u00fcnstigen Marktpreisen erheblich.<\/p><p>Ein Vergleich der Original-Leistungskurven einer nach S\u00fcden ausgerichteten Freifl\u00e4chenanlage und einer vertikalen Agri-PV-Anlage des niederl\u00e4ndischen Projektentwicklers Profinergy B.V. zeigt die Vorteile dieser Bauweise deutlich.<\/p><p><strong>\u00a0<\/strong><\/p><p><a href=\"http:\/\/profinrg.nl\/wp-content\/uploads\/2025\/03\/agri-pv.png\"><img loading=\"lazy\" decoding=\"async\" class=\"aligncenter wp-image-41944 size-full\" src=\"http:\/\/profinrg.nl\/wp-content\/uploads\/2025\/03\/agri-pv.png\" alt=\"Negative Strompreise agri-PV\" width=\"564\" height=\"203\" title=\"\" srcset=\"https:\/\/profinrg.nl\/wp-content\/uploads\/2025\/03\/agri-pv.png 564w, https:\/\/profinrg.nl\/wp-content\/uploads\/2025\/03\/agri-pv-300x108.png 300w, https:\/\/profinrg.nl\/wp-content\/uploads\/2025\/03\/agri-pv-18x6.png 18w\" sizes=\"(max-width: 564px) 100vw, 564px\" \/><\/a><\/p><p><strong>\u00a0<\/strong><\/p><p><b>Innovative L\u00f6sungen verbessern Wirtschaftlichkeit und Akzeptanz<\/b><\/p><p>Negative Strompreise sind eine Herausforderung f\u00fcr Betreiber von Photovoltaikanlagen, besonders wenn sie an den Marktpreis gebunden sind. Eine Kombination aus in Solarparks integrierte Speicherl\u00f6sungen und einer Bauweise als vertikale Agri-PV hilft wirksam gegenzusteuern und die Wirtschaftlichkeit einer Anlage deutlich zu verbessern. Bei der Entwicklung des Strommarkts hin zu immer mehr erneuerbaren Energien spielen innovative L\u00f6sungen f\u00fcr Zeiten mit hohem Angebot und negativer Strompreise eine zunehmend wichtige Rolle, um die Rentabilit\u00e4t und Akzeptanz von erneuerbaren Energie-Anlagen nachhaltig zu verbessern. Profinergy B.V. hat die genannten L\u00f6sungen bereits erfolgreich realisiert und steht f\u00fcr Anfragen zur Verf\u00fcgung.<\/p><p>Mehr erfahren \u00fcber die M\u00f6glichkeiten von Batterien und Agri-PV in Deutschland? Kontaktieren Sie unseren Business Development Manager:<\/p><p><strong>Christian Steinberg<br \/><\/strong>Business Development Manager Deutschland<em><br \/><\/em>Mobil: + 49 175 5943143<br \/>E-Mail: <a href=\"mailto:christian@profinrg.com\">christian@profinrg.com<\/a><\/p><p><img loading=\"lazy\" decoding=\"async\" class=\"alignnone wp-image-38033 size-thumbnail\" src=\"http:\/\/profinrg.nl\/wp-content\/uploads\/2024\/04\/Profinrg-Portertten-raam-deel-2-15-150x150.jpg\" alt=\"christian steinberg\" width=\"150\" height=\"150\" title=\"\" srcset=\"https:\/\/profinrg.nl\/wp-content\/uploads\/2024\/04\/Profinrg-Portertten-raam-deel-2-15-150x150.jpg 150w, https:\/\/profinrg.nl\/wp-content\/uploads\/2024\/04\/Profinrg-Portertten-raam-deel-2-15-300x300.jpg 300w, https:\/\/profinrg.nl\/wp-content\/uploads\/2024\/04\/Profinrg-Portertten-raam-deel-2-15-1024x1024.jpg 1024w, https:\/\/profinrg.nl\/wp-content\/uploads\/2024\/04\/Profinrg-Portertten-raam-deel-2-15-768x768.jpg 768w, https:\/\/profinrg.nl\/wp-content\/uploads\/2024\/04\/Profinrg-Portertten-raam-deel-2-15-12x12.jpg 12w, https:\/\/profinrg.nl\/wp-content\/uploads\/2024\/04\/Profinrg-Portertten-raam-deel-2-15.jpg 1275w\" sizes=\"(max-width: 150px) 100vw, 150px\" \/><\/p>\t\t\t\t\t\t\t\t<\/div>\n\t\t\t\t<\/div>\n\t\t\t\t<div class=\"elementor-element elementor-element-d0c6db2 elementor-widget elementor-widget-button\" data-id=\"d0c6db2\" data-element_type=\"widget\" data-e-type=\"widget\" data-widget_type=\"button.default\">\n\t\t\t\t<div class=\"elementor-widget-container\">\n\t\t\t\t\t\t\t\t\t<div class=\"elementor-button-wrapper\">\n\t\t\t\t\t<a class=\"elementor-button elementor-button-link elementor-size-sm\" href=\"https:\/\/profinrg.nl\/de\/19-megawatt-agri-pv-in-almelo-am-netz\/\">\n\t\t\t\t\t\t<span class=\"elementor-button-content-wrapper\">\n\t\t\t\t\t\t\t\t\t<span class=\"elementor-button-text\">Lesen Sie hier mehr \u00fcber Agri-PV<\/span>\n\t\t\t\t\t<\/span>\n\t\t\t\t\t<\/a>\n\t\t\t\t<\/div>\n\t\t\t\t\t\t\t\t<\/div>\n\t\t\t\t<\/div>\n\t\t\t\t\t<\/div>\n\t\t<\/div>\n\t\t\t\t\t<\/div>\n\t\t<\/section>\n\t\t\t\t<\/div>","protected":false},"excerpt":{"rendered":"<p>Negatieve stroomprijzen: oorzaken, gevolgen en aanbevelingen Negatieve stroomprijzen ontstaan wanneer het aanbod groter is dan de vraag. Met de toenemende uitbreiding van hernieuwbare energiebronnen wordt dit onderwerp vooral relevant voor exploitanten van fotovolta\u00efsche installaties, wanneer de installaties tijdens periodes met negatieve stroomprijzen van het net worden gehaald. In Duitsland is er in deze periodes geen [&hellip;]<\/p>\n","protected":false},"author":9,"featured_media":37779,"comment_status":"closed","ping_status":"closed","sticky":false,"template":"","format":"standard","meta":{"footnotes":""},"categories":[18],"tags":[],"class_list":["post-41939","post","type-post","status-publish","format-standard","has-post-thumbnail","hentry","category-nieuws"],"_links":{"self":[{"href":"https:\/\/profinrg.nl\/de\/wp-json\/wp\/v2\/posts\/41939","targetHints":{"allow":["GET"]}}],"collection":[{"href":"https:\/\/profinrg.nl\/de\/wp-json\/wp\/v2\/posts"}],"about":[{"href":"https:\/\/profinrg.nl\/de\/wp-json\/wp\/v2\/types\/post"}],"author":[{"embeddable":true,"href":"https:\/\/profinrg.nl\/de\/wp-json\/wp\/v2\/users\/9"}],"replies":[{"embeddable":true,"href":"https:\/\/profinrg.nl\/de\/wp-json\/wp\/v2\/comments?post=41939"}],"version-history":[{"count":0,"href":"https:\/\/profinrg.nl\/de\/wp-json\/wp\/v2\/posts\/41939\/revisions"}],"wp:featuredmedia":[{"embeddable":true,"href":"https:\/\/profinrg.nl\/de\/wp-json\/wp\/v2\/media\/37779"}],"wp:attachment":[{"href":"https:\/\/profinrg.nl\/de\/wp-json\/wp\/v2\/media?parent=41939"}],"wp:term":[{"taxonomy":"category","embeddable":true,"href":"https:\/\/profinrg.nl\/de\/wp-json\/wp\/v2\/categories?post=41939"},{"taxonomy":"post_tag","embeddable":true,"href":"https:\/\/profinrg.nl\/de\/wp-json\/wp\/v2\/tags?post=41939"}],"curies":[{"name":"wp","href":"https:\/\/api.w.org\/{rel}","templated":true}]}}