{"id":42044,"date":"2025-04-01T13:49:43","date_gmt":"2025-04-01T13:49:43","guid":{"rendered":"https:\/\/profinrg.nl\/?p=42044"},"modified":"2025-11-18T12:47:12","modified_gmt":"2025-11-18T12:47:12","slug":"agri-pv-in-aktion-live-daten-zeigen-das-potenzial","status":"publish","type":"post","link":"https:\/\/profinrg.nl\/de\/agri-pv-in-aktion-live-daten-zeigen-das-potenzial\/","title":{"rendered":"Agri-PV in Aktion: Live-Daten zeigen das potenzial"},"content":{"rendered":"<div data-elementor-type=\"wp-post\" data-elementor-id=\"42044\" class=\"elementor elementor-42044\" data-elementor-post-type=\"post\">\n\t\t\t\t\t\t<section class=\"elementor-section elementor-top-section elementor-element elementor-element-ae6cd73 elementor-section-boxed elementor-section-height-default elementor-section-height-default\" data-id=\"ae6cd73\" data-element_type=\"section\" data-e-type=\"section\">\n\t\t\t\t\t\t<div class=\"elementor-container elementor-column-gap-default\">\n\t\t\t\t\t<div class=\"elementor-column elementor-col-100 elementor-top-column elementor-element elementor-element-b449c58\" data-id=\"b449c58\" data-element_type=\"column\" data-e-type=\"column\">\n\t\t\t<div class=\"elementor-widget-wrap elementor-element-populated\">\n\t\t\t\t\t\t<div class=\"elementor-element elementor-element-750b25f elementor-widget elementor-widget-heading\" data-id=\"750b25f\" data-element_type=\"widget\" data-e-type=\"widget\" data-widget_type=\"heading.default\">\n\t\t\t\t<div class=\"elementor-widget-container\">\n\t\t\t\t\t<h2 class=\"elementor-heading-title elementor-size-default\">Agri-PV in Aktion: Live-Daten zeigen das Potenzial<\/h2>\t\t\t\t<\/div>\n\t\t\t\t<\/div>\n\t\t\t\t<div class=\"elementor-element elementor-element-38cb733 elementor-widget elementor-widget-text-editor\" data-id=\"38cb733\" data-element_type=\"widget\" data-e-type=\"widget\" data-widget_type=\"text-editor.default\">\n\t\t\t\t<div class=\"elementor-widget-container\">\n\t\t\t\t\t\t\t\t\t<p class=\"MsoNormal\" style=\"text-align: justify; line-height: 150%;\">Die Leistungskurve einer vertikalen Agri-PV-Anlage: Zwei Power-Berge und ein tiefes Tal \u2013 typisch f\u00fcr Ost-West-Ausrichtungen. Doch wie schl\u00e4gt sich diese Theorie in der Praxis? Welche Faktoren machen den Unterschied? Schaut mit uns auf die 1,9-Megawatt-Anlage in Almelo, Niederlande, und erlebt den realen Performance-Check!<\/p>\t\t\t\t\t\t\t\t<\/div>\n\t\t\t\t<\/div>\n\t\t\t\t<div class=\"elementor-element elementor-element-1fbd6fe elementor-widget elementor-widget-image\" data-id=\"1fbd6fe\" data-element_type=\"widget\" data-e-type=\"widget\" data-widget_type=\"image.default\">\n\t\t\t\t<div class=\"elementor-widget-container\">\n\t\t\t\t\t\t\t\t\t\t\t\t<figure class=\"wp-caption\">\n\t\t\t\t\t\t\t\t\t\t<img fetchpriority=\"high\" width=\"768\" height=\"256\" src=\"https:\/\/profinrg.nl\/wp-content\/uploads\/2025\/01\/Reallife-leistungsvergleich-768x256.png\" class=\"attachment-medium_large size-medium_large wp-image-41631\" alt=\"Leistungsvergleich Agri-PV\" decoding=\"async\" srcset=\"https:\/\/profinrg.nl\/wp-content\/uploads\/2025\/01\/Reallife-leistungsvergleich-768x256.png 768w, https:\/\/profinrg.nl\/wp-content\/uploads\/2025\/01\/Reallife-leistungsvergleich-300x100.png 300w, https:\/\/profinrg.nl\/wp-content\/uploads\/2025\/01\/Reallife-leistungsvergleich-1024x341.png 1024w, https:\/\/profinrg.nl\/wp-content\/uploads\/2025\/01\/Reallife-leistungsvergleich-1536x512.png 1536w, https:\/\/profinrg.nl\/wp-content\/uploads\/2025\/01\/Reallife-leistungsvergleich-18x6.png 18w, https:\/\/profinrg.nl\/wp-content\/uploads\/2025\/01\/Reallife-leistungsvergleich.png 1740w\" sizes=\"(max-width: 768px) 100vw, 768px\" title=\"\">\t\t\t\t\t\t\t\t\t\t\t<figcaption class=\"widget-image-caption wp-caption-text\">Live-Daten Agri-PV Almelo<\/figcaption>\n\t\t\t\t\t\t\t\t\t\t<\/figure>\n\t\t\t\t\t\t\t\t\t<\/div>\n\t\t\t\t<\/div>\n\t\t\t\t<div class=\"elementor-element elementor-element-1b7bb5c elementor-widget elementor-widget-text-editor\" data-id=\"1b7bb5c\" data-element_type=\"widget\" data-e-type=\"widget\" data-widget_type=\"text-editor.default\">\n\t\t\t\t<div class=\"elementor-widget-container\">\n\t\t\t\t\t\t\t\t\t<p><b>Gegen den Main-Stream f\u00fcr mehr Ertrag<br \/><\/b>Die erste Grafik zeigt die Stromproduktion der Almelo-Anlage am 25. Juni  2024: Im direkten Vergleich zwischen vertikaler Ost-West-Agri-PV und nach S\u00fcden ausgerichteter Freifl\u00e4chen-PV unterscheidet sich die Leistungskurve der Agri-PV mit zwei markanten Power-Bergen und einem tiefen Mittagstal deutlich von der nach S\u00fcden ausgerichteten, klassisch aufgest\u00e4nderten Freifl\u00e4chen PV mit nur einem abgeflachten Leistungs-Berg zur Mittagszeit.<\/p><p>Bereits kurz nach 05:00 Uhr morgens beginnt die Agri-PV kr\u00e4ftig Strom zu produzieren, w\u00e4hrend die Freifl\u00e4chenanlage nur langsam in Gang kommt. Um 08:00 Uhr erreicht die Agri-PV ihre Leistungsspitze. Um 09:00 Uhr \u00fcbernimmt die nach S\u00fcden ausgerichtete Freifl\u00e4chenanlage und produziert mehr Strom, w\u00e4hrend die Agri-PV bis zur Mittagszeit in der Produktion nachl\u00e4sst. Ab 13:00 Uhr zieht die Agri-PV wieder kr\u00e4ftig an, und um 16:30 Uhr treffen sich die beiden Kurven erneut und die Agri-PV \u00fcbernimmt die F\u00fchrung in der Produktion. Das bleibt so bis zum Sonnenuntergang um 21:59 Uhr. Die Agri-PV in Almelo liefert morgens drei Stunden und am Nachmittag ganze f\u00fcnfeinhalb Stunden mehr Strom als die Freifl\u00e4chenanlage.<\/p><p><b><br \/>Warum hat die Agri PV zwei unterschiedlich hohe Leistungsberge?<br \/><\/b>Die Ursache liegt in der Ausrichtung und den Eigenschaften der bi-fazialen Module. In Almelo ist die leistungsst\u00e4rkere Seite der Module nach Westen gerichtet, was die Nachmittagsertr\u00e4ge erh\u00f6ht. Zudem verlaufen die Modulreihen nicht exakt in Nord-S\u00fcd-Richtung, sondern leicht nach Osten geneigt (ca. 13\u00b0), sodass die Nachmittagssonne die Westseite fr\u00fcher und st\u00e4rker trifft. Morgens k\u00f6nnen Nebel und Niederschlag die Leistung reduzieren, was am Nachmittag nicht der Fall ist.<\/p><p><b><br \/>Warum der Leistungseinbruch am 26. Juni 2024?<br \/><\/b>Am 26. Juni 2024 wurde das gesamte System zwischen 11:00 und 15:00 Uhr vom Netzbetreiber abgeschaltet. Hier zeigt sich der Vorteil der Agri-PV, die bauartbedingt dann mehr Strom liefert, wenn klassische Freifl\u00e4chenanlagen noch nicht, oder nicht mehr ausreichend Strom produzieren. Agri-PV ist von negativen Strompreisen kaum betroffen.<\/p><p><b><br \/>Anlage in Almelo zeigt Vorteile vertikaler Agri-PV<br \/><\/b>In einer Energiewelt mit variablen Strompreisen bietet die vertikale Agri-PV stabile Einnahmen f\u00fcr Investoren, weil ihre Leistungsspitzen umgekehrt zu klassischen Freifl\u00e4chenanlagen angelegt sind. Wird ein PV-System mit vertikaler Agri-PV in der Mittagsflaute gedrosselt, weil das erneuerbare Stromangebot gro\u00df und die Strompreise niedrig sind, hat das auf ihre Wirtschaftlichkeit nur einen geringen Einfluss. Anders als bei klassisch nach S\u00fcden ausgerichteten Freifl\u00e4chenanlagen. Schnee ist f\u00fcr eine vertikale Agri-PV kein Thema, weil er nicht auf den Modulen liegen bleibt. Anders als bei der klassischen Freifl\u00e4chenanlage kann vertikale Agri-PV auch bei schneebedeckter Landschaft Strom produzieren.<\/p><p><b><br \/>Fakten und Zahlen:<br \/><\/b>Zur Agri-PV in Almelo, Niederlande<\/p><ul><li>Vertikale Agri-PV-Anlage mit 1,95 MW Peak auf rund 3,2 Hektar<\/li><li>952 bi-faziale Photovoltaikmodule mit je 660 Watt Peak Leistung<\/li><li>In 22 Reihen, in Nord-S\u00fcd-Ost-Richtung<\/li><li>Planung und Realisation durch Profinergy B.V. in Utrecht<\/li><li>Stromvermarktung mit Power-Purchas-Agreement (PPA), regional<\/li><\/ul><p><br \/>Wetterangaben f\u00fcr den 25. und 26. Juni 2024 sind praktisch identisch:<\/p><ul><li>Sonnenaufgang: 05:12 Uhr<\/li><li>Sonnenuntergang: 21:59 Uhr<\/li><li>Sonnenh\u00f6chststand: 13:36 Uhr<\/li><li>Wetter: Geringe Bew\u00f6lkung 0-11 %<\/li><li>Temperatur: 05:15 Uhr 12 \u00b0C | 16:15 Uhr 20 \u00b0C | 22:00 Uhr 16 \u00b0C<\/li><li>Wind: Zwischen 11 km\/h und 19 km\/h aus unterschiedlichen Richtungen.<\/li><li>Die Freifl\u00e4chenanlage wurde am 25. Juni mittags abgeregelt. Daher die flache Kuppe.<\/li><\/ul><p><br \/>Lesen Sie auch: <a href=\"https:\/\/profinrg.nl\/de\/19-megawatt-agri-pv-in-almelo-am-netz\/\">19 MW agri-PV in Almelo am Netz<\/a><\/p><p><b>Kontaktinformationen:<\/b><\/p><p><img decoding=\"async\" class=\"wp-image-38033 alignleft\" src=\"http:\/\/profinrg.nl\/wp-content\/uploads\/2024\/04\/Profinrg-Portertten-raam-deel-2-15-300x300.jpg\" alt=\"christian steinberg\" width=\"116\" height=\"116\" title=\"\" srcset=\"https:\/\/profinrg.nl\/wp-content\/uploads\/2024\/04\/Profinrg-Portertten-raam-deel-2-15-300x300.jpg 300w, https:\/\/profinrg.nl\/wp-content\/uploads\/2024\/04\/Profinrg-Portertten-raam-deel-2-15-1024x1024.jpg 1024w, https:\/\/profinrg.nl\/wp-content\/uploads\/2024\/04\/Profinrg-Portertten-raam-deel-2-15-150x150.jpg 150w, https:\/\/profinrg.nl\/wp-content\/uploads\/2024\/04\/Profinrg-Portertten-raam-deel-2-15-768x768.jpg 768w, https:\/\/profinrg.nl\/wp-content\/uploads\/2024\/04\/Profinrg-Portertten-raam-deel-2-15-12x12.jpg 12w, https:\/\/profinrg.nl\/wp-content\/uploads\/2024\/04\/Profinrg-Portertten-raam-deel-2-15.jpg 1275w\" sizes=\"(max-width: 116px) 100vw, 116px\" \/>ProfiNRG Deutschland<br \/>Christian Steinberg<br \/><span lang=\"EN-GB\">Business Development Manager Deutschland<br \/><\/span><span lang=\"EN-GB\">Mobil: + 49 175 5943143<\/span><span lang=\"EN-GB\"><br \/><\/span><span lang=\"EN-GB\">E-Mail:\u00a0<\/span><a href=\"mailto:christian@profinrg.com\"><span lang=\"EN-GB\">christian@profinrg.com<\/span><\/a><\/p>\t\t\t\t\t\t\t\t<\/div>\n\t\t\t\t<\/div>\n\t\t\t\t<div class=\"elementor-element elementor-element-8eef6e3 elementor-arrows-position-inside elementor-pagination-position-outside elementor-widget elementor-widget-image-carousel\" data-id=\"8eef6e3\" data-element_type=\"widget\" data-e-type=\"widget\" data-settings=\"{&quot;navigation&quot;:&quot;both&quot;,&quot;autoplay&quot;:&quot;yes&quot;,&quot;pause_on_hover&quot;:&quot;yes&quot;,&quot;pause_on_interaction&quot;:&quot;yes&quot;,&quot;autoplay_speed&quot;:5000,&quot;infinite&quot;:&quot;yes&quot;,&quot;speed&quot;:500}\" data-widget_type=\"image-carousel.default\">\n\t\t\t\t<div class=\"elementor-widget-container\">\n\t\t\t\t\t\t\t<div class=\"elementor-image-carousel-wrapper swiper\" role=\"region\" aria-roledescription=\"carousel\" aria-label=\"Bild-Karussell\" dir=\"ltr\">\n\t\t\t<div class=\"elementor-image-carousel swiper-wrapper\" aria-live=\"off\">\n\t\t\t\t\t\t\t\t<div class=\"swiper-slide\" role=\"group\" aria-roledescription=\"slide\" aria-label=\"1 von 4\" data-no-translation-aria-label=\"\"><figure class=\"swiper-slide-inner\"><img decoding=\"async\" class=\"swiper-slide-image\" src=\"https:\/\/profinrg.nl\/wp-content\/uploads\/2024\/03\/Zonnepark-Aadijk-17-150x150.jpg\" alt=\"agri-pv\" title=\"\"><\/figure><\/div><div class=\"swiper-slide\" role=\"group\" aria-roledescription=\"slide\" aria-label=\"2 von 4\" data-no-translation-aria-label=\"\"><figure class=\"swiper-slide-inner\"><img decoding=\"async\" class=\"swiper-slide-image\" src=\"https:\/\/profinrg.nl\/wp-content\/uploads\/2024\/03\/Zonnepark-Aadijk-45-150x150.jpg\" alt=\"agri pv\" title=\"\"><\/figure><\/div><div class=\"swiper-slide\" role=\"group\" aria-roledescription=\"slide\" aria-label=\"3 von 4\" data-no-translation-aria-label=\"\"><figure class=\"swiper-slide-inner\"><img decoding=\"async\" class=\"swiper-slide-image\" src=\"https:\/\/profinrg.nl\/wp-content\/uploads\/2024\/03\/Zonnepark-Aadijk-42-150x150.jpg\" alt=\"Agri-PV Deutschland\" title=\"\"><\/figure><\/div><div class=\"swiper-slide\" role=\"group\" aria-roledescription=\"slide\" aria-label=\"4 von 4\" data-no-translation-aria-label=\"\"><figure class=\"swiper-slide-inner\"><img decoding=\"async\" class=\"swiper-slide-image\" src=\"https:\/\/profinrg.nl\/wp-content\/uploads\/2024\/03\/Zonnepark-Aadijk-34-150x150.jpg\" alt=\"Solarpark und Agri-PV\" title=\"\"><\/figure><\/div>\t\t\t<\/div>\n\t\t\t\t\t\t\t\t\t\t\t\t<div class=\"elementor-swiper-button elementor-swiper-button-prev\" role=\"button\" tabindex=\"0\">\n\t\t\t\t\t\t<i aria-hidden=\"true\" class=\"eicon-chevron-left\"><\/i>\t\t\t\t\t<\/div>\n\t\t\t\t\t<div class=\"elementor-swiper-button elementor-swiper-button-next\" role=\"button\" tabindex=\"0\">\n\t\t\t\t\t\t<i aria-hidden=\"true\" class=\"eicon-chevron-right\"><\/i>\t\t\t\t\t<\/div>\n\t\t\t\t\n\t\t\t\t\t\t\t\t\t<div class=\"swiper-pagination\"><\/div>\n\t\t\t\t\t\t\t\t\t<\/div>\n\t\t\t\t\t\t<\/div>\n\t\t\t\t<\/div>\n\t\t\t\t\t<\/div>\n\t\t<\/div>\n\t\t\t\t\t<\/div>\n\t\t<\/section>\n\t\t\t\t<\/div>","protected":false},"excerpt":{"rendered":"<p>Agri-PV in actie: live data tonen het potentieel De prestatiecurve van een verticale agri-PV-installatie: twee pieken en een diepe dal \u2013 typisch voor oost-westori\u00ebntaties. Maar hoe werkt deze theorie in de praktijk? Welke factoren maken het verschil? Bekijk samen met ons de 1,9 megawatt-installatie in Almelo, Nederland, en ervaar de echte prestatiecontrole! Live data Agri-PV [&hellip;]<\/p>\n","protected":false},"author":9,"featured_media":41631,"comment_status":"closed","ping_status":"closed","sticky":false,"template":"","format":"standard","meta":{"footnotes":""},"categories":[18],"tags":[],"class_list":["post-42044","post","type-post","status-publish","format-standard","has-post-thumbnail","hentry","category-nieuws"],"_links":{"self":[{"href":"https:\/\/profinrg.nl\/de\/wp-json\/wp\/v2\/posts\/42044","targetHints":{"allow":["GET"]}}],"collection":[{"href":"https:\/\/profinrg.nl\/de\/wp-json\/wp\/v2\/posts"}],"about":[{"href":"https:\/\/profinrg.nl\/de\/wp-json\/wp\/v2\/types\/post"}],"author":[{"embeddable":true,"href":"https:\/\/profinrg.nl\/de\/wp-json\/wp\/v2\/users\/9"}],"replies":[{"embeddable":true,"href":"https:\/\/profinrg.nl\/de\/wp-json\/wp\/v2\/comments?post=42044"}],"version-history":[{"count":0,"href":"https:\/\/profinrg.nl\/de\/wp-json\/wp\/v2\/posts\/42044\/revisions"}],"wp:featuredmedia":[{"embeddable":true,"href":"https:\/\/profinrg.nl\/de\/wp-json\/wp\/v2\/media\/41631"}],"wp:attachment":[{"href":"https:\/\/profinrg.nl\/de\/wp-json\/wp\/v2\/media?parent=42044"}],"wp:term":[{"taxonomy":"category","embeddable":true,"href":"https:\/\/profinrg.nl\/de\/wp-json\/wp\/v2\/categories?post=42044"},{"taxonomy":"post_tag","embeddable":true,"href":"https:\/\/profinrg.nl\/de\/wp-json\/wp\/v2\/tags?post=42044"}],"curies":[{"name":"wp","href":"https:\/\/api.w.org\/{rel}","templated":true}]}}