{"id":42181,"date":"2025-05-27T07:42:21","date_gmt":"2025-05-27T07:42:21","guid":{"rendered":"https:\/\/profinrg.nl\/?p=42181"},"modified":"2025-11-18T10:56:32","modified_gmt":"2025-11-18T10:56:32","slug":"agri-pv-synergie-von-landwirtschaft-und-photovoltaik","status":"publish","type":"post","link":"https:\/\/profinrg.nl\/de\/agri-pv-synergie-von-landwirtschaft-und-photovoltaik\/","title":{"rendered":"Agri-PV Deutschland \u2013 Synergie von Landwirtschaft und Photovoltaik"},"content":{"rendered":"<div data-elementor-type=\"wp-post\" data-elementor-id=\"42181\" class=\"elementor elementor-42181\" data-elementor-post-type=\"post\">\n\t\t\t\t\t\t<section class=\"elementor-section elementor-top-section elementor-element elementor-element-021ddd7 elementor-section-boxed elementor-section-height-default elementor-section-height-default\" data-id=\"021ddd7\" data-element_type=\"section\" data-e-type=\"section\">\n\t\t\t\t\t\t<div class=\"elementor-container elementor-column-gap-default\">\n\t\t\t\t\t<div class=\"elementor-column elementor-col-100 elementor-top-column elementor-element elementor-element-a1ce82d\" data-id=\"a1ce82d\" data-element_type=\"column\" data-e-type=\"column\">\n\t\t\t<div class=\"elementor-widget-wrap elementor-element-populated\">\n\t\t\t\t\t\t<div class=\"elementor-element elementor-element-8f7c891 elementor-widget elementor-widget-image\" data-id=\"8f7c891\" data-element_type=\"widget\" data-e-type=\"widget\" data-widget_type=\"image.default\">\n\t\t\t\t<div class=\"elementor-widget-container\">\n\t\t\t\t\t\t\t\t\t\t\t\t\t\t\t<img fetchpriority=\"high\" decoding=\"async\" width=\"768\" height=\"432\" src=\"https:\/\/profinrg.nl\/wp-content\/uploads\/2024\/03\/Zonnepark-Aadijk-42-768x432.jpg\" class=\"attachment-medium_large size-medium_large wp-image-37778\" alt=\"Agri-PV Deutschland\" srcset=\"\" sizes=\"(max-width: 768px) 100vw, 768px\" title=\"\" data-srcset=\"\">\t\t\t\t\t\t\t\t\t\t\t\t\t\t\t<\/div>\n\t\t\t\t<\/div>\n\t\t\t\t<div class=\"elementor-element elementor-element-5fc835b elementor-widget elementor-widget-heading\" data-id=\"5fc835b\" data-element_type=\"widget\" data-e-type=\"widget\" data-widget_type=\"heading.default\">\n\t\t\t\t<div class=\"elementor-widget-container\">\n\t\t\t\t\t<h2 class=\"elementor-heading-title elementor-size-default\">Agri-PV Deutschland \u2013 Synergie von Landwirtschaft und Photovoltaik<\/h2>\t\t\t\t<\/div>\n\t\t\t\t<\/div>\n\t\t\t\t<div class=\"elementor-element elementor-element-ec3f57b elementor-widget elementor-widget-text-editor\" data-id=\"ec3f57b\" data-element_type=\"widget\" data-e-type=\"widget\" data-widget_type=\"text-editor.default\">\n\t\t\t\t<div class=\"elementor-widget-container\">\n\t\t\t\t\t\t\t\t\t<p><strong>Agri-PV erm\u00f6glicht die gleichzeitige Nutzung von Ackerfl\u00e4chen f\u00fcr Stromerzeugung und Landwirtschaft. Durch spezielle Installationen \u2013 entweder vertikale Modulreihen oder \u201e\u00dcberkopf\u201c-Anlagen \u2013 bleibt genug Raum f\u00fcr die landwirtschaftliche Nutzung. Mit dem \u201eSolarpaket 1\u201c (Mai 2024) wurden Agri-PV, Floating PV und Parkplatz-PV als \u201ePhotovoltaik-Sondersysteme\u201c anerkannt, die besondere Privilegien genie\u00dfen. Welche das sind und warum, das erkl\u00e4ren wir im Text.<\/strong><\/p><h3><strong>Grunds\u00e4tzliche Vorteile von Agri-PV\u00a0<\/strong><\/h3><p>Neben dem doppelten Nutzen von Strom- und landwirtschaftlicher Produktion behalten alle Fl\u00e4chen, die mit Agri-PV bebaut sind, auch ihre landwirtschaftlichen Privilegien. Voraussetzung ist, dass die installierte Photovoltaik die landwirtschaftliche Nutzung um nicht mehr als 15 Prozent einschr\u00e4nkt.<\/p><h3><strong><br \/>Vertikale Agri-PV<\/strong><\/h3><p>Anlagen mit vertikal in Ost-West-Richtung installierten bifazialen PV-Modulen erzielen vor allem am fr\u00fchen Vormittag und sp\u00e4ten Nachmittag hohe Ertr\u00e4ge. Mittags, wenn klassische Dach- und Freifl\u00e4chen-Anlagen Spitzenleistungen erzielen, sinkt die Leistung der vertikal installierten Ost-West-Anlagen. Vertikale Agri-PV-Systeme erg\u00e4nzen somit die Produktion traditioneller Anlagen und entlasten das Stromnetz. Au\u00dferdem ist der Verlust im Fall einer Trennung vom Netz durch den Netzbetreiber wesentlich geringer als bei einer herk\u00f6mmlichen Freifl\u00e4chen-Anlage.  Lesen Sie auch: <a href=\"https:\/\/profinrg.nl\/de\/agri-pv-in-aktion-live-daten-zeigen-das-potenzial\/\">Live-Daten zeigen das Potenzial<\/a><\/p><h3><strong><br \/>\u201e\u00dcberkopf\u201c Agri-PV<\/strong><\/h3><figure id=\"attachment_42183\" aria-describedby=\"caption-attachment-42183\" style=\"width: 300px\" class=\"wp-caption alignleft\"><img decoding=\"async\" class=\"wp-image-42183 size-medium\" src=\"http:\/\/profinrg.nl\/wp-content\/uploads\/2025\/05\/agri-pv-uber-kopf-300x200.jpg\" alt=\"\u00dcberkopf-Agri-PV\" width=\"300\" height=\"200\" title=\"\" srcset=\"https:\/\/profinrg.nl\/wp-content\/uploads\/2025\/05\/agri-pv-uber-kopf-300x200.jpg 300w, https:\/\/profinrg.nl\/wp-content\/uploads\/2025\/05\/agri-pv-uber-kopf-1024x683.jpg 1024w, https:\/\/profinrg.nl\/wp-content\/uploads\/2025\/05\/agri-pv-uber-kopf-768x512.jpg 768w, https:\/\/profinrg.nl\/wp-content\/uploads\/2025\/05\/agri-pv-uber-kopf-1536x1024.jpg 1536w, https:\/\/profinrg.nl\/wp-content\/uploads\/2025\/05\/agri-pv-uber-kopf-2048x1365.jpg 2048w, https:\/\/profinrg.nl\/wp-content\/uploads\/2025\/05\/agri-pv-uber-kopf-18x12.jpg 18w\" sizes=\"(max-width: 300px) 100vw, 300px\" \/><figcaption id=\"caption-attachment-42183\" class=\"wp-caption-text\">\u00a9 Fraunhofer ISE<\/figcaption><\/figure><p>Bei der \u00dcberkopf-Agri-PV werden die Module in mehreren Metern H\u00f6he \u00fcber der landwirtschaftlichen Fl\u00e4che auf einer Unterkonstruktion installiert. Dadurch bleibt die Fl\u00e4che unter den Modulen zum einen f\u00fcr den Anbau von Obst, Gem\u00fcse oder f\u00fcr die Tierhaltung nutzbar und kann maschinell bearbeitet werden. Zum anderen sch\u00fctzen die Photovoltaik-Module die Fl\u00e4che darunter vor Witterungseinfl\u00fcssen, Sonne, Regen, Hagel usw. In Deutschland ist f\u00fcr diese Art von Anlagen eine Mindesth\u00f6he von 2,10 Metern vorgeschrieben.<\/p><h3>\u00a0<\/h3><h3><strong><br \/>Mehr Ertrag mit \u201enachgef\u00fchrter\u201c Agri-PV<\/strong><\/h3><figure id=\"attachment_42188\" aria-describedby=\"caption-attachment-42188\" style=\"width: 300px\" class=\"wp-caption alignright\"><img decoding=\"async\" class=\"wp-image-42188 size-medium\" src=\"http:\/\/profinrg.nl\/wp-content\/uploads\/2025\/05\/nachfuhrsysteme-300x169.jpg\" alt=\"\u201enachgef\u00fchrter\u201c Agri-PV\" width=\"300\" height=\"169\" title=\"\" srcset=\"https:\/\/profinrg.nl\/wp-content\/uploads\/2025\/05\/nachfuhrsysteme-300x169.jpg 300w, https:\/\/profinrg.nl\/wp-content\/uploads\/2025\/05\/nachfuhrsysteme-1024x575.jpg 1024w, https:\/\/profinrg.nl\/wp-content\/uploads\/2025\/05\/nachfuhrsysteme-768x431.jpg 768w, https:\/\/profinrg.nl\/wp-content\/uploads\/2025\/05\/nachfuhrsysteme-18x10.jpg 18w, https:\/\/profinrg.nl\/wp-content\/uploads\/2025\/05\/nachfuhrsysteme.jpg 1440w\" sizes=\"(max-width: 300px) 100vw, 300px\" \/><figcaption id=\"caption-attachment-42188\" class=\"wp-caption-text\">\u00a9 Fraunhofer ISE<\/figcaption><\/figure><p>Eine besondere Variante der Agri-PV sind nachgef\u00fchrte Anlagen, die dem Sonnenverlauf folgen und dadurch eine h\u00f6here Stromausbeute erzielen. Solche Systeme gibt es in verschiedenen Ausf\u00fchrungen: als \u201e\u00dcberkopf\u201c-Anlagen, als Agri-PV in Reihen oder als gro\u00dffl\u00e4chige Nachf\u00fchrsysteme, bei denen ganze Modulfelder in mehreren Achsen der Sonne nachgef\u00fchrt werden.<br \/>Wenn die Fl\u00e4che landwirtschaftlich genutzt wird, k\u00f6nnen die Systeme in eine Parkposition gefahren werden, um die Bearbeitung zu erleichtern. \u201e\u00dcberkopf\u201c-Anlagen erfordern diesen Schritt nicht, da ihre Module die landwirtschaftlichen Arbeiten grunds\u00e4tzlich nicht behindern.<\/p><p><strong>\u00a0<\/strong><\/p><h3><strong>Agri-PV im Einsatz: Synergien f\u00fcr maximale Effizienz in Almelo<\/strong><\/h3><p>Seit 2023 erzeugt eine 1,9 MW starke vertikale Agri-PV-Anlage auf rund 3,2 Hektar in Almelo, Niederlande, nachhaltigen Solarstrom. Das System wurde von Profinergy B.V. aus Utrecht im Auftrag des Klimaatfonds Nederland geplant, installiert und wird auch von Profinergy betrieben.<\/p><p>In Almelo ist die vertikale Agri-PV-Anlage Teil eines hybriden Systems und erg\u00e4nzt eine deutlich leistungsst\u00e4rkere, nach S\u00fcden ausgerichtete klassische Freifl\u00e4chen-Photovoltaik.<\/p><p>Wie die vertikale Agri-PV im Vergleich zur klassischen Freifl\u00e4che abschneidet, welche Vorteile sie bietet, wie beide Systeme optimal zusammenwirken und welchen Einfluss eine Netztrennung der Anlage bei negativen Strompreisen hat, erfahren Sie in unserem Life-Bericht: <a href=\"https:\/\/profinrg.nl\/de\/agri-pv-in-aktion-live-daten-zeigen-das-potenzial\/\">Live-Daten zeigen das Potenzial<\/a>.<\/p><p><a href=\"http:\/\/profinrg.nl\/wp-content\/uploads\/2025\/01\/Reallife-leistungsvergleich.png\"><img loading=\"lazy\" decoding=\"async\" class=\"aligncenter wp-image-41631 size-large\" src=\"http:\/\/profinrg.nl\/wp-content\/uploads\/2025\/01\/Reallife-leistungsvergleich-1024x341.png\" alt=\"Leistungsvergleich Agri-PV\" width=\"1024\" height=\"341\" title=\"\" srcset=\"https:\/\/profinrg.nl\/wp-content\/uploads\/2025\/01\/Reallife-leistungsvergleich-1024x341.png 1024w, https:\/\/profinrg.nl\/wp-content\/uploads\/2025\/01\/Reallife-leistungsvergleich-300x100.png 300w, https:\/\/profinrg.nl\/wp-content\/uploads\/2025\/01\/Reallife-leistungsvergleich-768x256.png 768w, https:\/\/profinrg.nl\/wp-content\/uploads\/2025\/01\/Reallife-leistungsvergleich-1536x512.png 1536w, https:\/\/profinrg.nl\/wp-content\/uploads\/2025\/01\/Reallife-leistungsvergleich-18x6.png 18w, https:\/\/profinrg.nl\/wp-content\/uploads\/2025\/01\/Reallife-leistungsvergleich.png 1740w\" sizes=\"(max-width: 1024px) 100vw, 1024px\" \/><\/a><\/p>\t\t\t\t\t\t\t\t<\/div>\n\t\t\t\t<\/div>\n\t\t\t\t\t<\/div>\n\t\t<\/div>\n\t\t\t\t\t<\/div>\n\t\t<\/section>\n\t\t\t\t<\/div>","protected":false},"excerpt":{"rendered":"<p>Agri-PV Duitsland \u2013 Synergie tussen landbouw en fotovolta\u00efsche energie Agri-PV maakt het mogelijk om landbouwgrond tegelijkertijd te gebruiken voor de opwekking van elektriciteit en voor landbouw. Door speciale installaties \u2013 verticale rijen modules of \u2018overhead\u2019-installaties \u2013 blijft er voldoende ruimte over voor landbouw. Met het \u2018Solarpaket 1\u2019 (mei 2024) werden agri-PV, drijvende PV en parkeerplaats-PV [&hellip;]<\/p>\n","protected":false},"author":9,"featured_media":37778,"comment_status":"closed","ping_status":"closed","sticky":false,"template":"","format":"standard","meta":{"footnotes":""},"categories":[18],"tags":[],"class_list":["post-42181","post","type-post","status-publish","format-standard","has-post-thumbnail","hentry","category-nieuws"],"_links":{"self":[{"href":"https:\/\/profinrg.nl\/de\/wp-json\/wp\/v2\/posts\/42181","targetHints":{"allow":["GET"]}}],"collection":[{"href":"https:\/\/profinrg.nl\/de\/wp-json\/wp\/v2\/posts"}],"about":[{"href":"https:\/\/profinrg.nl\/de\/wp-json\/wp\/v2\/types\/post"}],"author":[{"embeddable":true,"href":"https:\/\/profinrg.nl\/de\/wp-json\/wp\/v2\/users\/9"}],"replies":[{"embeddable":true,"href":"https:\/\/profinrg.nl\/de\/wp-json\/wp\/v2\/comments?post=42181"}],"version-history":[{"count":0,"href":"https:\/\/profinrg.nl\/de\/wp-json\/wp\/v2\/posts\/42181\/revisions"}],"wp:featuredmedia":[{"embeddable":true,"href":"https:\/\/profinrg.nl\/de\/wp-json\/wp\/v2\/media\/37778"}],"wp:attachment":[{"href":"https:\/\/profinrg.nl\/de\/wp-json\/wp\/v2\/media?parent=42181"}],"wp:term":[{"taxonomy":"category","embeddable":true,"href":"https:\/\/profinrg.nl\/de\/wp-json\/wp\/v2\/categories?post=42181"},{"taxonomy":"post_tag","embeddable":true,"href":"https:\/\/profinrg.nl\/de\/wp-json\/wp\/v2\/tags?post=42181"}],"curies":[{"name":"wp","href":"https:\/\/api.w.org\/{rel}","templated":true}]}}