{"id":42931,"date":"2025-08-25T13:16:11","date_gmt":"2025-08-25T13:16:11","guid":{"rendered":"https:\/\/profinrg.nl\/?p=42931"},"modified":"2025-08-25T13:42:57","modified_gmt":"2025-08-25T13:42:57","slug":"van-zonnepanelen-naar-energieopslag-en-laden","status":"publish","type":"post","link":"https:\/\/profinrg.nl\/de\/van-zonnepanelen-naar-energieopslag-en-laden\/","title":{"rendered":"Von Sonnenkollektoren bis zu intelligenter Energiespeicherung und -aufladung"},"content":{"rendered":"<div data-elementor-type=\"wp-post\" data-elementor-id=\"42931\" class=\"elementor elementor-42931\" data-elementor-post-type=\"post\">\n\t\t\t\t\t\t<section class=\"elementor-section elementor-top-section elementor-element elementor-element-47ad4b6f elementor-reverse-tablet elementor-reverse-mobile elementor-section-boxed elementor-section-height-default elementor-section-height-default\" data-id=\"47ad4b6f\" data-element_type=\"section\" data-e-type=\"section\">\n\t\t\t\t\t\t<div class=\"elementor-container elementor-column-gap-default\">\n\t\t\t\t\t<div class=\"elementor-column elementor-col-100 elementor-top-column elementor-element elementor-element-2ea13173\" data-id=\"2ea13173\" data-element_type=\"column\" data-e-type=\"column\">\n\t\t\t<div class=\"elementor-widget-wrap elementor-element-populated\">\n\t\t\t\t\t\t<section class=\"elementor-section elementor-inner-section elementor-element elementor-element-13008599 elementor-section-boxed elementor-section-height-default elementor-section-height-default\" data-id=\"13008599\" data-element_type=\"section\" data-e-type=\"section\">\n\t\t\t\t\t\t<div class=\"elementor-container elementor-column-gap-no\">\n\t\t\t\t\t<div class=\"elementor-column elementor-col-100 elementor-inner-column elementor-element elementor-element-584aa200\" data-id=\"584aa200\" data-element_type=\"column\" data-e-type=\"column\">\n\t\t\t<div class=\"elementor-widget-wrap elementor-element-populated\">\n\t\t\t\t\t\t<div class=\"elementor-element elementor-element-599f523d elementor-widget elementor-widget-heading\" data-id=\"599f523d\" data-element_type=\"widget\" data-e-type=\"widget\" data-widget_type=\"heading.default\">\n\t\t\t\t<div class=\"elementor-widget-container\">\n\t\t\t\t\t<h2 class=\"elementor-heading-title elementor-size-default\">Von Sonnenkollektoren bis zu intelligenter Energiespeicherung und -aufladung<\/h2>\t\t\t\t<\/div>\n\t\t\t\t<\/div>\n\t\t\t\t<div class=\"elementor-element elementor-element-1e103dd4 elementor-widget elementor-widget-image\" data-id=\"1e103dd4\" data-element_type=\"widget\" data-e-type=\"widget\" data-widget_type=\"image.default\">\n\t\t\t\t<div class=\"elementor-widget-container\">\n\t\t\t\t\t\t\t\t\t\t\t\t\t\t\t<img fetchpriority=\"high\" decoding=\"async\" width=\"800\" height=\"600\" src=\"https:\/\/profinrg.nl\/wp-content\/uploads\/2025\/08\/IMG_8955-1024x768.jpeg\" class=\"attachment-large size-large wp-image-42892\" alt=\"energieopslag en laden\" srcset=\"https:\/\/profinrg.nl\/wp-content\/uploads\/2025\/08\/IMG_8955-1024x768.jpeg 1024w, https:\/\/profinrg.nl\/wp-content\/uploads\/2025\/08\/IMG_8955-300x225.jpeg 300w, https:\/\/profinrg.nl\/wp-content\/uploads\/2025\/08\/IMG_8955-768x576.jpeg 768w, https:\/\/profinrg.nl\/wp-content\/uploads\/2025\/08\/IMG_8955-1536x1152.jpeg 1536w, https:\/\/profinrg.nl\/wp-content\/uploads\/2025\/08\/IMG_8955-2048x1536.jpeg 2048w, https:\/\/profinrg.nl\/wp-content\/uploads\/2025\/08\/IMG_8955-16x12.jpeg 16w\" sizes=\"(max-width: 800px) 100vw, 800px\" title=\"\">\t\t\t\t\t\t\t\t\t\t\t\t\t\t\t<\/div>\n\t\t\t\t<\/div>\n\t\t\t\t<div class=\"elementor-element elementor-element-3dc5e529 elementor-widget elementor-widget-text-editor\" data-id=\"3dc5e529\" data-element_type=\"widget\" data-e-type=\"widget\" data-widget_type=\"text-editor.default\">\n\t\t\t\t<div class=\"elementor-widget-container\">\n\t\t\t\t\t\t\t\t\t<div class=\"elementor-element elementor-element-5fc2621b elementor-widget elementor-widget-heading\" data-id=\"5fc2621b\" data-element_type=\"widget\" data-widget_type=\"heading.default\"><h2 class=\"elementor-widget-container\"><strong><span style=\"font-size: 16px;\">In Zusammenarbeit mit Van Bemmel Containerservice und Marc Leliveld erz\u00e4hlen wir die Geschichte hinter ihrem Wechsel zu einer Energiespeicherung in Kombination mit einer Ladel\u00f6sung.<\/span><\/strong><\/h2><\/div><div class=\"elementor-element elementor-element-5d64c45f elementor-widget elementor-widget-text-editor\" data-id=\"5d64c45f\" data-element_type=\"widget\" data-widget_type=\"text-editor.default\"><div class=\"elementor-widget-container\"><p data-start=\"148\" data-end=\"637\">Als wir unseren Fuhrpark um ein Elektrofahrzeug erweiterten, entstand schnell der Bedarf an einer zuverl\u00e4ssigen, zukunftssicheren Ladel\u00f6sung. Da wir bereits Solarzellen auf unserem Gel\u00e4nde haben, sahen wir in der Energiespeicherung eine gro\u00dfe Chance: die intelligente Nutzung des erzeugten Stroms, auch wenn die Sonne nicht scheint. Auf diese Weise k\u00f6nnten wir Spitzenlasten im Stromnetz vermeiden und unsere Energiekosten besser in den Griff bekommen. Die Kombination aus Energiespeicherung und Ladeinfrastruktur passte perfekt.<\/p><p data-start=\"639\" data-end=\"1097\"><strong data-start=\"639\" data-end=\"665\">Die Entscheidung f\u00fcr ProfiNRG<\/strong><br data-start=\"665\" data-end=\"668\" \/>F\u00fcr uns war es wichtig, mit einem zuverl\u00e4ssigen Partner zusammenzuarbeiten, der \u00fcber umfangreiche Erfahrungen mit gro\u00dfen Solaranlagen und Energiespeichersystemen verf\u00fcgt. ProfiNRG hatte bereits unsere Solarmodule installiert, und dank der Verbindung zu Bert van Woudenberg (dem ehemaligen Gr\u00fcnder von ProfiNRG) lag die Wahl auf der Hand. Wir haben ProfiNRG als kompetent und engagiert erlebt, mit einem praktischen Ansatz, der gut zu unserer Arbeitsweise als Familienunternehmen passt.<\/p><p data-start=\"1099\" data-end=\"1396\"><strong data-start=\"1099\" data-end=\"1125\">Zusammenarbeit und Ansatz<\/strong><br data-start=\"1125\" data-end=\"1128\" \/>Die Zusammenarbeit war vom ersten Moment an angenehm. Unsere W\u00fcnsche wurden aufmerksam angeh\u00f6rt und die Kommunikation war durchgehend klar. Bei technischen Problemen konnten wir schnell und ad\u00e4quat umschalten, so dass wir immer wussten, woran wir waren.<\/p><p data-start=\"1398\" data-end=\"1715\"><strong data-start=\"1398\" data-end=\"1424\">Technische Herausforderungen<\/strong><br data-start=\"1424\" data-end=\"1427\" \/>Eine zentrale Herausforderung bestand darin, die Energiespeicher in unsere bestehende Infrastruktur zu integrieren, ohne unseren t\u00e4glichen Betrieb zu beeintr\u00e4chtigen. Dank der guten Vorbereitung und der Flexibilit\u00e4t beider Parteien verlief dieser Prozess reibungslos und ohne gr\u00f6\u00dfere Unterbrechungen.<\/p><p data-start=\"1717\" data-end=\"1991\"><strong data-start=\"1717\" data-end=\"1755\">Zukunftspl\u00e4ne f\u00fcr Nachhaltigkeit<\/strong><br data-start=\"1755\" data-end=\"1758\" \/>Wir sind st\u00e4ndig auf der Suche nach M\u00f6glichkeiten, nachhaltiger zu werden. Dazu geh\u00f6rt der Ersatz von Dieselfahrzeugen und -maschinen durch elektrische Varianten und die Optimierung unserer Recyclingprozesse durch innovative Techniken.<\/p><p data-start=\"1993\" data-end=\"2393\"><strong data-start=\"1993\" data-end=\"2024\">Ratschl\u00e4ge f\u00fcr andere Unternehmen<\/strong><br data-start=\"2024\" data-end=\"2027\" \/>F\u00fcr Unternehmen, die \u00fcber Energiespeicherung und elektrisches Laden nachdenken, haben wir einen wichtigen Tipp: Beginnen Sie fr\u00fchzeitig mit der Erfassung Ihres Energieverbrauchs und Ladebedarfs. Au\u00dferdem sollten Sie einen Partner w\u00e4hlen, der nicht nur technisch versiert ist, sondern auch versteht, was in Ihrem Sektor vor sich geht. Eine gute Vorbereitung und eine ma\u00dfgeschneiderte Beratung machen wirklich den Unterschied aus.<\/p><\/div><\/div>\t\t\t\t\t\t\t\t<\/div>\n\t\t\t\t<\/div>\n\t\t\t\t<div class=\"elementor-element elementor-element-3d4757b elementor-arrows-position-inside elementor-pagination-position-outside elementor-widget elementor-widget-image-carousel\" data-id=\"3d4757b\" data-element_type=\"widget\" data-e-type=\"widget\" data-settings=\"{&quot;navigation&quot;:&quot;both&quot;,&quot;autoplay&quot;:&quot;yes&quot;,&quot;pause_on_hover&quot;:&quot;yes&quot;,&quot;pause_on_interaction&quot;:&quot;yes&quot;,&quot;autoplay_speed&quot;:5000,&quot;infinite&quot;:&quot;yes&quot;,&quot;speed&quot;:500}\" data-widget_type=\"image-carousel.default\">\n\t\t\t\t<div class=\"elementor-widget-container\">\n\t\t\t\t\t\t\t<div class=\"elementor-image-carousel-wrapper swiper\" role=\"region\" aria-roledescription=\"carousel\" aria-label=\"Bild-Karussell\" dir=\"ltr\">\n\t\t\t<div class=\"elementor-image-carousel swiper-wrapper\" aria-live=\"off\">\n\t\t\t\t\t\t\t\t<div class=\"swiper-slide\" role=\"group\" aria-roledescription=\"slide\" aria-label=\"1 von 4\"><figure class=\"swiper-slide-inner\"><img decoding=\"async\" class=\"swiper-slide-image\" src=\"https:\/\/profinrg.nl\/wp-content\/uploads\/2025\/08\/IMG_8955-1536x1152.jpeg\" alt=\"energieopslag en laden\" title=\"\"><\/figure><\/div><div class=\"swiper-slide\" role=\"group\" aria-roledescription=\"slide\" aria-label=\"2 von 4\"><figure class=\"swiper-slide-inner\"><img decoding=\"async\" class=\"swiper-slide-image\" src=\"https:\/\/profinrg.nl\/wp-content\/uploads\/2025\/08\/IMG_8482-1536x1025.jpeg\" alt=\"Energiespeicher mit Ladel\u00f6sung\" title=\"\"><\/figure><\/div><div class=\"swiper-slide\" role=\"group\" aria-roledescription=\"slide\" aria-label=\"3 von 4\"><figure class=\"swiper-slide-inner\"><img decoding=\"async\" class=\"swiper-slide-image\" src=\"https:\/\/profinrg.nl\/wp-content\/uploads\/2025\/08\/IMG_8956-1536x1152.jpeg\" alt=\"IMG_8956\" title=\"\"><\/figure><\/div><div class=\"swiper-slide\" role=\"group\" aria-roledescription=\"slide\" aria-label=\"4 von 4\"><figure class=\"swiper-slide-inner\"><img decoding=\"async\" class=\"swiper-slide-image\" src=\"https:\/\/profinrg.nl\/wp-content\/uploads\/2025\/08\/IMG_8943-1152x1536.jpeg\" alt=\"IMG_8943\" title=\"\"><\/figure><\/div>\t\t\t<\/div>\n\t\t\t\t\t\t\t\t\t\t\t\t<div class=\"elementor-swiper-button elementor-swiper-button-prev\" role=\"button\" tabindex=\"0\">\n\t\t\t\t\t\t<i aria-hidden=\"true\" class=\"eicon-chevron-left\"><\/i>\t\t\t\t\t<\/div>\n\t\t\t\t\t<div class=\"elementor-swiper-button elementor-swiper-button-next\" role=\"button\" tabindex=\"0\">\n\t\t\t\t\t\t<i aria-hidden=\"true\" class=\"eicon-chevron-right\"><\/i>\t\t\t\t\t<\/div>\n\t\t\t\t\n\t\t\t\t\t\t\t\t\t<div class=\"swiper-pagination\"><\/div>\n\t\t\t\t\t\t\t\t\t<\/div>\n\t\t\t\t\t\t<\/div>\n\t\t\t\t<\/div>\n\t\t\t\t\t<\/div>\n\t\t<\/div>\n\t\t\t\t\t<\/div>\n\t\t<\/section>\n\t\t\t\t<div class=\"elementor-element elementor-element-458f8cdd elementor-widget-divider--view-line elementor-widget elementor-widget-divider\" data-id=\"458f8cdd\" data-element_type=\"widget\" data-e-type=\"widget\" data-widget_type=\"divider.default\">\n\t\t\t\t<div class=\"elementor-widget-container\">\n\t\t\t\t\t\t\t<div class=\"elementor-divider\">\n\t\t\t<span class=\"elementor-divider-separator\">\n\t\t\t\t\t\t<\/span>\n\t\t<\/div>\n\t\t\t\t\t\t<\/div>\n\t\t\t\t<\/div>\n\t\t\t\t\t<\/div>\n\t\t<\/div>\n\t\t\t\t\t<\/div>\n\t\t<\/section>\n\t\t\t\t<section class=\"elementor-section elementor-top-section elementor-element elementor-element-621f941 elementor-section-boxed elementor-section-height-default elementor-section-height-default\" data-id=\"621f941\" data-element_type=\"section\" data-e-type=\"section\">\n\t\t\t\t\t\t<div class=\"elementor-container elementor-column-gap-default\">\n\t\t\t\t\t<div class=\"elementor-column elementor-col-50 elementor-top-column elementor-element elementor-element-1208317\" data-id=\"1208317\" data-element_type=\"column\" data-e-type=\"column\">\n\t\t\t<div class=\"elementor-widget-wrap elementor-element-populated\">\n\t\t\t\t\t\t<div class=\"elementor-element elementor-element-a440fbf ekit-equal-height-disable elementor-widget elementor-widget-elementskit-image-box\" data-id=\"a440fbf\" data-element_type=\"widget\" data-e-type=\"widget\" data-widget_type=\"elementskit-image-box.default\">\n\t\t\t\t<div class=\"elementor-widget-container\">\n\t\t\t\t\t<div class=\"ekit-wid-con\" >\n            <div class=\"elementskit-info-image-box ekit-image-box text-center simple-card\" >\n\n                \n                <div class=\"elementskit-box-header image-box-img-center\">\n\n                    <img decoding=\"async\" width=\"150\" height=\"150\" src=\"https:\/\/profinrg.nl\/wp-content\/uploads\/2024\/10\/Luco-150x150.jpg\" class=\"attachment-thumbnail size-thumbnail wp-image-40729\" alt=\"Luco Brouwer\" srcset=\"https:\/\/profinrg.nl\/wp-content\/uploads\/2024\/10\/Luco-150x150.jpg 150w, https:\/\/profinrg.nl\/wp-content\/uploads\/2024\/10\/Luco-300x300.jpg 300w, https:\/\/profinrg.nl\/wp-content\/uploads\/2024\/10\/Luco-1024x1024.jpg 1024w, https:\/\/profinrg.nl\/wp-content\/uploads\/2024\/10\/Luco-768x768.jpg 768w, https:\/\/profinrg.nl\/wp-content\/uploads\/2024\/10\/Luco-12x12.jpg 12w, https:\/\/profinrg.nl\/wp-content\/uploads\/2024\/10\/Luco.jpg 1280w\" sizes=\"(max-width: 150px) 100vw, 150px\" title=\"\">\n                <\/div>\n                \n                <div class=\"elementskit-box-body ekit-image-box-body\">\n                    <div class=\"elementskit-box-content ekit-image-box-body-inner\">\n                                                <h3 class=\"elementskit-info-box-title\">\n\n                        Luco Brouwer\n                        \n                    <\/h3>\n                                                            <div class=\"elementskit-box-style-content\">\n                        Meer weten over mogelijkheden bij uw bedrijf? Neem dan contact op met Luco Brouwer voor meer informatie.                    <\/div>\n                                    <\/div>\n\n                                <div class=\"elementskit-box-footer\">\n                    <div class=\"box-footer\">\n                        <div class=\"btn-wraper\">\n                                                            <a href=\"mailto:sales@profinrg.com\" class=\"elementskit-btn whitespace--normal\">\n                                    \n                                    \n                                    Senden Sie eine E-Mail                                 <\/a>\n                                                        <\/div>\n                    <\/div>\n                <\/div>\n                            <\/div>\n            <\/div>\n    <\/div>\t\t\t\t<\/div>\n\t\t\t\t<\/div>\n\t\t\t\t\t<\/div>\n\t\t<\/div>\n\t\t\t\t<div class=\"elementor-column elementor-col-50 elementor-top-column elementor-element elementor-element-5fa4423\" data-id=\"5fa4423\" data-element_type=\"column\" data-e-type=\"column\">\n\t\t\t<div class=\"elementor-widget-wrap\">\n\t\t\t\t\t\t\t<\/div>\n\t\t<\/div>\n\t\t\t\t\t<\/div>\n\t\t<\/section>\n\t\t\t\t<\/div>","protected":false},"excerpt":{"rendered":"<p>Van zonnepanelen naar slimme energieopslag en laden In samenwerking met Van Bemmel Containerservice en Marc Leliveld delen we het verhaal achter hun stap naar energieopslag in combinatie met een laadoplossing. Bij de uitbreiding van ons wagenpark met een elektrisch voertuig ontstond al snel de behoefte aan een betrouwbare, toekomstbestendige laadoplossing. Omdat we al zonnepanelen op [&hellip;]<\/p>\n","protected":false},"author":9,"featured_media":42895,"comment_status":"closed","ping_status":"closed","sticky":false,"template":"","format":"standard","meta":{"footnotes":""},"categories":[18],"tags":[],"class_list":["post-42931","post","type-post","status-publish","format-standard","has-post-thumbnail","hentry","category-nieuws"],"_links":{"self":[{"href":"https:\/\/profinrg.nl\/de\/wp-json\/wp\/v2\/posts\/42931","targetHints":{"allow":["GET"]}}],"collection":[{"href":"https:\/\/profinrg.nl\/de\/wp-json\/wp\/v2\/posts"}],"about":[{"href":"https:\/\/profinrg.nl\/de\/wp-json\/wp\/v2\/types\/post"}],"author":[{"embeddable":true,"href":"https:\/\/profinrg.nl\/de\/wp-json\/wp\/v2\/users\/9"}],"replies":[{"embeddable":true,"href":"https:\/\/profinrg.nl\/de\/wp-json\/wp\/v2\/comments?post=42931"}],"version-history":[{"count":0,"href":"https:\/\/profinrg.nl\/de\/wp-json\/wp\/v2\/posts\/42931\/revisions"}],"wp:featuredmedia":[{"embeddable":true,"href":"https:\/\/profinrg.nl\/de\/wp-json\/wp\/v2\/media\/42895"}],"wp:attachment":[{"href":"https:\/\/profinrg.nl\/de\/wp-json\/wp\/v2\/media?parent=42931"}],"wp:term":[{"taxonomy":"category","embeddable":true,"href":"https:\/\/profinrg.nl\/de\/wp-json\/wp\/v2\/categories?post=42931"},{"taxonomy":"post_tag","embeddable":true,"href":"https:\/\/profinrg.nl\/de\/wp-json\/wp\/v2\/tags?post=42931"}],"curies":[{"name":"wp","href":"https:\/\/api.w.org\/{rel}","templated":true}]}}